{"id":19809,"date":"2023-03-24T14:13:33","date_gmt":"2023-03-24T14:13:33","guid":{"rendered":"https:\/\/conakrynews.org\/?p=19809"},"modified":"2023-03-24T14:13:33","modified_gmt":"2023-03-24T14:13:33","slug":"apres-sa-suspension-le-procureur-abdoulaye-israel-kpoghomou-brise-le-silence-le-ministre-est-alle-vite-en-besogne-il-sest-acharne-contre-ma-personne","status":"publish","type":"post","link":"https:\/\/conakrynews.org\/index.php\/apres-sa-suspension-le-procureur-abdoulaye-israel-kpoghomou-brise-le-silence-le-ministre-est-alle-vite-en-besogne-il-sest-acharne-contre-ma-personne\/","title":{"rendered":"Apr\u00e8s sa suspension, le procureur Abdoulaye Isra\u00ebl Kpoghomou brise le silence : \u2018\u2019le ministre est all\u00e9 vite en besogne, il s\u2019est acharn\u00e9 contre ma personne\u2019\u2019"},"content":{"rendered":"<p>Dans un arr\u00eat\u00e9 rendu public ce jeudi 23 mars 2023, le ministre de la justice et des droits de l\u2019homme, a suspendu le Procureur de la R\u00e9publique pr\u00e8s le tribunal de premi\u00e8re instance de Lab\u00e9, apr\u00e8s le d\u00e9c\u00e8s d\u2019un d\u00e9tenu \u00e0 la maison centrale de Lab\u00e9.<\/p>\n<p>Au cours d\u2019une interview qu\u2019il a accord\u00e9e \u00e0 notre correspondant r\u00e9gional ce vendredi 24 mars 2023, le procureur Abdoulaye Isra\u00ebl Kpoghomou souligne qu\u2019il est victime d\u2019un acharnement. Le magistrat qualifie sa suspension de r\u00e8glement de compte.<\/p>\n<p>\u2018\u2019Je ne suis ni de pr\u00eat, ni de loin coupable des faits qu\u2019on me reproche. Je n\u2019ai commis aucune faute professionnelle. Je suis l\u2019un des procureurs les plus attach\u00e9s \u00e0 la d\u00e9fense des droits de l\u2019homme, en particulier des d\u00e9tenus. Je ne fais jamais une semaine sans me rendre \u00e0 la maison centrale et lorsque j\u2019y vais, j\u2019y vais dans toutes les cellules, je contr\u00f4le les conditions de d\u00e9tention, parfois, je prends le petit d\u00e9jeuner avec les d\u00e9tenus. Si on m\u2019apprend que je n\u2019ai pas lib\u00e9r\u00e9 quelqu\u2019un et qu\u2019il est d\u00e9c\u00e9d\u00e9, je suis \u00e9tonn\u00e9, parce que celui qui est d\u00e9c\u00e9d\u00e9, c\u2019est moi qui l\u2019ai fait \u00e9vacuer \u00e0 l\u2019h\u00f4pital. Comment je peux \u00e9vacuer quelqu\u2019un \u00e0 l\u2019h\u00f4pital, si j\u2019ai une d\u00e9cision de libert\u00e9 lui concernant. Et cette d\u00e9cision, lorsqu\u2019elle est arriv\u00e9e \u00e0 mon parquet, je souligne je n\u2019\u00e9tais pas l\u00e0, j\u2019\u00e9tais en mission d\u2019inspection dans les justices de paix, j\u2019\u00e9tais ce jour \u00e0 L\u00e9louma et \u00e0 mon retour, j\u2019ai continu\u00e9 dans les autres pr\u00e9fectures. C\u2019est pour vous dire que la d\u00e9cision qui est prise contre moi, est une d\u00e9cision arbitraire. Je suis victime d\u2019un acharnement et j\u2019attire votre attention que lorsqu\u2019un magistrat est dans cette situation, il lui ai demand\u00e9 de produire un rapport. Et, lorsque qu\u2019on m\u2019a demand\u00e9 hier de produire un rapport, c\u2019est en faisant ce travail, que j\u2019ai appris ma suspension sur les r\u00e9seaux sociaux, alors que l\u2019inspecteur g\u00e9n\u00e9ral des services judiciaires m\u2019avait donn\u00e9 jusqu\u2019\u00e0 mardi, pour produire mon rapport. Et j\u2019\u00e9tais suspendu pendant que mon rapport \u00e9tait en train d\u2019\u00eatre pr\u00e9par\u00e9. C\u2019est pour dire que le principe de la pr\u00e9somption d\u2019innocence n\u2019a pas \u00e9t\u00e9 respect\u00e9 dans cette affaire, le ministre est all\u00e9 vite en besogne, il s\u2019est acharn\u00e9 contre ma personne. Ma suspension est un r\u00e8glement de compte et, c\u2019est le m\u00eame r\u00e8glement de compte qui m\u2019a enlev\u00e9 \u00e0 mon poste \u00e0 Mafanco pour m\u2019envoyer \u00e0 Lab\u00e9, parce que je n\u2019ai rien fait de mal\u2019\u2019, s\u2019est d\u00e9fendu le procureur de la R\u00e9publique pr\u00e8s le tribunal de premi\u00e8re instance de Lab\u00e9.<\/p>\n<p>Lerevelateur224.com<\/p>\n","protected":false},"excerpt":{"rendered":"<p>Dans un arr\u00eat\u00e9 rendu public ce jeudi 23 mars 2023, le ministre de la justice et des droits de l\u2019homme, a suspendu le Procureur de la R\u00e9publique pr\u00e8s le tribunal de premi\u00e8re instance de Lab\u00e9, apr\u00e8s le d\u00e9c\u00e8s d\u2019un d\u00e9tenu \u00e0 la maison centrale de Lab\u00e9. Au cours d\u2019une interview qu\u2019il a accord\u00e9e \u00e0 notre [&hellip;]<\/p>\n","protected":false},"author":2,"featured_media":19810,"comment_status":"closed","ping_status":"closed","sticky":false,"template":"","format":"standard","meta":{"footnotes":""},"categories":[58],"tags":[],"class_list":{"0":"post-19809","1":"post","2":"type-post","3":"status-publish","4":"format-standard","5":"has-post-thumbnail","7":"category-societe"},"_links":{"self":[{"href":"https:\/\/conakrynews.org\/index.php\/wp-json\/wp\/v2\/posts\/19809","targetHints":{"allow":["GET"]}}],"collection":[{"href":"https:\/\/conakrynews.org\/index.php\/wp-json\/wp\/v2\/posts"}],"about":[{"href":"https:\/\/conakrynews.org\/index.php\/wp-json\/wp\/v2\/types\/post"}],"author":[{"embeddable":true,"href":"https:\/\/conakrynews.org\/index.php\/wp-json\/wp\/v2\/users\/2"}],"replies":[{"embeddable":true,"href":"https:\/\/conakrynews.org\/index.php\/wp-json\/wp\/v2\/comments?post=19809"}],"version-history":[{"count":0,"href":"https:\/\/conakrynews.org\/index.php\/wp-json\/wp\/v2\/posts\/19809\/revisions"}],"wp:featuredmedia":[{"embeddable":true,"href":"https:\/\/conakrynews.org\/index.php\/wp-json\/wp\/v2\/media\/19810"}],"wp:attachment":[{"href":"https:\/\/conakrynews.org\/index.php\/wp-json\/wp\/v2\/media?parent=19809"}],"wp:term":[{"taxonomy":"category","embeddable":true,"href":"https:\/\/conakrynews.org\/index.php\/wp-json\/wp\/v2\/categories?post=19809"},{"taxonomy":"post_tag","embeddable":true,"href":"https:\/\/conakrynews.org\/index.php\/wp-json\/wp\/v2\/tags?post=19809"}],"curies":[{"name":"wp","href":"https:\/\/api.w.org\/{rel}","templated":true}]}}