{"id":19821,"date":"2023-03-25T11:51:46","date_gmt":"2023-03-25T11:51:46","guid":{"rendered":"https:\/\/conakrynews.org\/?p=19821"},"modified":"2023-03-25T11:51:46","modified_gmt":"2023-03-25T11:51:46","slug":"etats-unis-la-guinee-participe-a-la-conference-des-nations-unies-sur-leau","status":"publish","type":"post","link":"https:\/\/conakrynews.org\/index.php\/etats-unis-la-guinee-participe-a-la-conference-des-nations-unies-sur-leau\/","title":{"rendered":"Etats-Unis : La Guin\u00e9e participe \u00e0 la conf\u00e9rence des Nations Unies sur l\u2019eau"},"content":{"rendered":"\n<p>La ville de New-York abrite depuis le 22 mars 2023 une conf\u00e9rence internationale ax\u00e9e sur l\u2019eau. Cette ann\u00e9e le th\u00e8me retenu est \u00ab l\u2019eau et le d\u00e9veloppement durable \u00bb.<\/p>\n<p>La R\u00e9publique de Guin\u00e9e est repr\u00e9sent\u00e9e \u00e0 cet important rendez-vous par le Ministre en charge de l\u2019Energie, de l\u2019Hydraulique et des Hydrocarbures. Monsieur Aly Seydouba Soumah est \u00e0 la t\u00eate d\u2019une forte d\u00e9l\u00e9gation compos\u00e9e de plusieurs cadres de son D\u00e9partement dont la cheffe de cabinet madame Nima Bah.<\/p>\n<p>Au cours de cette rencontre de trois (3) jours (du 22 au 24 mars), les diff\u00e9rents participants venus des quatre coins du monde se pencheront sur plusieurs th\u00e9matiques. Les conclusions des th\u00e8mes d\u00e9battus doivent contribuer \u00e0 la r\u00e9alisation de l\u2019objectif de d\u00e9veloppement durable consistant \u00e0 garantir l\u2019acc\u00e8s de tous \u00e0 des services d\u2019alimentation en eau et d\u2019assainissement (ODD 6) ainsi que les autres objectifs et cibles connexes du Programme de d\u00e9veloppement durable \u00e0 l\u2019horizon 2030, sachant que l\u2019eau est au c\u0153ur de tous les grands d\u00e9fis actuels.<\/p>\n<p>Cette rencontre de haut niveau co-organis\u00e9e par le Royaume des Pays-Bas et le Tadjikistan permettra aussi \u00e0 tous les pays d\u2019insister sur la gestion int\u00e9gr\u00e9e et durable des ressources en eau \u00e0 des fins sociales, \u00e9conomiques et environnementales et sur le renforcement de la coop\u00e9ration et les partenariats \u00e0 tous les niveaux, et vise \u00e0 parvenir \u00e0 un Programme d\u2019action pour l\u2019eau.<\/p>\n<p>Transmis par le Service de Communication et des Relations Publiques<\/p>\n","protected":false},"excerpt":{"rendered":"<p>La ville de New-York abrite depuis le 22 mars 2023 une conf\u00e9rence internationale ax\u00e9e sur l\u2019eau. Cette ann\u00e9e le th\u00e8me retenu est \u00ab l\u2019eau et le d\u00e9veloppement durable \u00bb. La R\u00e9publique de Guin\u00e9e est repr\u00e9sent\u00e9e \u00e0 cet important rendez-vous par le Ministre en charge de l\u2019Energie, de l\u2019Hydraulique et des Hydrocarbures. Monsieur Aly Seydouba Soumah [&hellip;]<\/p>\n","protected":false},"author":2,"featured_media":19822,"comment_status":"closed","ping_status":"closed","sticky":false,"template":"","format":"standard","meta":{"footnotes":""},"categories":[58],"tags":[],"class_list":{"0":"post-19821","1":"post","2":"type-post","3":"status-publish","4":"format-standard","5":"has-post-thumbnail","7":"category-societe"},"_links":{"self":[{"href":"https:\/\/conakrynews.org\/index.php\/wp-json\/wp\/v2\/posts\/19821","targetHints":{"allow":["GET"]}}],"collection":[{"href":"https:\/\/conakrynews.org\/index.php\/wp-json\/wp\/v2\/posts"}],"about":[{"href":"https:\/\/conakrynews.org\/index.php\/wp-json\/wp\/v2\/types\/post"}],"author":[{"embeddable":true,"href":"https:\/\/conakrynews.org\/index.php\/wp-json\/wp\/v2\/users\/2"}],"replies":[{"embeddable":true,"href":"https:\/\/conakrynews.org\/index.php\/wp-json\/wp\/v2\/comments?post=19821"}],"version-history":[{"count":0,"href":"https:\/\/conakrynews.org\/index.php\/wp-json\/wp\/v2\/posts\/19821\/revisions"}],"wp:featuredmedia":[{"embeddable":true,"href":"https:\/\/conakrynews.org\/index.php\/wp-json\/wp\/v2\/media\/19822"}],"wp:attachment":[{"href":"https:\/\/conakrynews.org\/index.php\/wp-json\/wp\/v2\/media?parent=19821"}],"wp:term":[{"taxonomy":"category","embeddable":true,"href":"https:\/\/conakrynews.org\/index.php\/wp-json\/wp\/v2\/categories?post=19821"},{"taxonomy":"post_tag","embeddable":true,"href":"https:\/\/conakrynews.org\/index.php\/wp-json\/wp\/v2\/tags?post=19821"}],"curies":[{"name":"wp","href":"https:\/\/api.w.org\/{rel}","templated":true}]}}