{"id":19824,"date":"2023-03-25T11:57:11","date_gmt":"2023-03-25T11:57:11","guid":{"rendered":"https:\/\/conakrynews.org\/?p=19824"},"modified":"2023-03-25T11:57:11","modified_gmt":"2023-03-25T11:57:11","slug":"forum-africain-sur-la-science-des-experts-appellent-lafrique-a-reviser-sa-politique-energetique","status":"publish","type":"post","link":"https:\/\/conakrynews.org\/index.php\/forum-africain-sur-la-science-des-experts-appellent-lafrique-a-reviser-sa-politique-energetique\/","title":{"rendered":"Forum africain sur la science: Des experts appellent l\u2019Afrique \u00e0 r\u00e9viser sa politique \u00e9nerg\u00e9tique"},"content":{"rendered":"<p>Pour accro\u00eetre la production \u00e9nerg\u00e9tique, les d\u00e9cideurs africains devront s&rsquo;assurer que leurs pays disposent d&rsquo;un savoir-faire suffisant pour l&rsquo;utilisation des \u00e9nergies renouvelables, mettre en place des m\u00e9canismes sp\u00e9ciaux pour attirer les investissements dans ces \u00e9nergies et cr\u00e9er des capacit\u00e9s de recherche. Photo: Patrick Pleul\/dpa<br \/>\nForum africain sur la science: Des experts appellent l\u2019Afrique \u00e0 r\u00e9viser sa politique \u00e9nerg\u00e9tique<br \/>\nguiquo-admin 25 mars 2023 International laisser un commentaire 4 Vues<\/p>\n<p>Le paradoxe \u00e9nerg\u00e9tique en Afrique est illustr\u00e9 par le cas du Niger, pays au potentiel immense, o\u00f9 le taux d\u2019acc\u00e8s \u00e0 l\u2019\u00e9lectricit\u00e9 n\u2019est que de 19 pour cent.<\/p>\n<p>Des experts africains et onusiens ont appel\u00e9 \u00e0 une \u00ab profonde r\u00e9vision \u00bb de l\u2019approche africaine des questions \u00e9nerg\u00e9tiques lors du cinqui\u00e8me Forum africain sur la science, la technologie et l\u2019innovation, tenu \u00e0 Niamey au Niger. Cette r\u00e9vision devrait, selon ces experts, briser le cercle vicieux des technologies obsol\u00e8tes, r\u00e9pondre efficacement aux besoins en \u00e9lectricit\u00e9 et acc\u00e9l\u00e9rer le d\u00e9veloppement du continent, a rapport\u00e9 la Commission \u00e9conomique pour l\u2019Afrique (CEA).<\/p>\n<p>Le responsable principal des affaires environnementales de la CEA, Linus Mofor, a exhort\u00e9 l\u2019Afrique \u00e0 combler ses lacunes technologiques en engageant un dialogue entre les pays dans les domaines d\u2019intervention prioritaires et en renfor\u00e7ant la recherche scientifique et technologique.<\/p>\n<p>Le cas du Niger, o\u00f9 s\u2019est tenu le Forum, est une illustration des contradictions pr\u00e9valant en Afrique, a-t-on estim\u00e9. Malgr\u00e9 l\u2019immense potentiel \u00e9nerg\u00e9tique au Niger, le taux d\u2019acc\u00e8s \u00e0 l\u2019\u00e9lectricit\u00e9 y demeure tr\u00e8s faible avec 19 pour cent au niveau national, selon la Banque mondiale.<\/p>\n<p>Pour accro\u00eetre la production \u00e9nerg\u00e9tique, les d\u00e9cideurs africains devront s\u2019assurer que leurs pays disposent d\u2019un savoir-faire suffisant pour l\u2019utilisation des \u00e9nergies renouvelables, mettre en place des m\u00e9canismes sp\u00e9ciaux pour attirer les investissements dans ces \u00e9nergies et cr\u00e9er des capacit\u00e9s de recherche. Ils devront \u00e9galement tenir compte du contexte social, car la pauvret\u00e9 \u00e9nerg\u00e9tique signifie que certaines communaut\u00e9s n\u2019ont pas les ressources \u00e9nerg\u00e9tiques n\u00e9cessaires pour lancer des projets, a-t-on estim\u00e9.<\/p>\n<p>\u00ab Si nous devons mettre les gouvernements africains au d\u00e9fi d\u2019investir eux m\u00eames, nous devons aussi garder \u00e0 l\u2019esprit que peu d\u2019entre eux ont une capacit\u00e9 de d\u00e9multiplication financi\u00e8re \u00bb, a expliqu\u00e9 Jean Paul Adam, le directeur de la CEA pour la technologie.<\/p>\n<p>Le cinqui\u00e8me Forum africain sur la science, la technologie et l\u2019innovation a \u00e9t\u00e9 organis\u00e9 conjointement par la CEA, l\u2019UNESCO, la Commission de l\u2019Union africaine et le D\u00e9partement de la science et de l\u2019innovation d\u2019Afrique du Sud.<\/p>\n<p>Avec dpa-news<\/p>\n","protected":false},"excerpt":{"rendered":"<p>Pour accro\u00eetre la production \u00e9nerg\u00e9tique, les d\u00e9cideurs africains devront s&rsquo;assurer que leurs pays disposent d&rsquo;un savoir-faire suffisant pour l&rsquo;utilisation des \u00e9nergies renouvelables, mettre en place des m\u00e9canismes sp\u00e9ciaux pour attirer les investissements dans ces \u00e9nergies et cr\u00e9er des capacit\u00e9s de recherche. Photo: Patrick Pleul\/dpa Forum africain sur la science: Des experts appellent l\u2019Afrique \u00e0 r\u00e9viser [&hellip;]<\/p>\n","protected":false},"author":2,"featured_media":19825,"comment_status":"closed","ping_status":"closed","sticky":false,"template":"","format":"standard","meta":{"footnotes":""},"categories":[58],"tags":[],"class_list":{"0":"post-19824","1":"post","2":"type-post","3":"status-publish","4":"format-standard","5":"has-post-thumbnail","7":"category-societe"},"_links":{"self":[{"href":"https:\/\/conakrynews.org\/index.php\/wp-json\/wp\/v2\/posts\/19824","targetHints":{"allow":["GET"]}}],"collection":[{"href":"https:\/\/conakrynews.org\/index.php\/wp-json\/wp\/v2\/posts"}],"about":[{"href":"https:\/\/conakrynews.org\/index.php\/wp-json\/wp\/v2\/types\/post"}],"author":[{"embeddable":true,"href":"https:\/\/conakrynews.org\/index.php\/wp-json\/wp\/v2\/users\/2"}],"replies":[{"embeddable":true,"href":"https:\/\/conakrynews.org\/index.php\/wp-json\/wp\/v2\/comments?post=19824"}],"version-history":[{"count":0,"href":"https:\/\/conakrynews.org\/index.php\/wp-json\/wp\/v2\/posts\/19824\/revisions"}],"wp:featuredmedia":[{"embeddable":true,"href":"https:\/\/conakrynews.org\/index.php\/wp-json\/wp\/v2\/media\/19825"}],"wp:attachment":[{"href":"https:\/\/conakrynews.org\/index.php\/wp-json\/wp\/v2\/media?parent=19824"}],"wp:term":[{"taxonomy":"category","embeddable":true,"href":"https:\/\/conakrynews.org\/index.php\/wp-json\/wp\/v2\/categories?post=19824"},{"taxonomy":"post_tag","embeddable":true,"href":"https:\/\/conakrynews.org\/index.php\/wp-json\/wp\/v2\/tags?post=19824"}],"curies":[{"name":"wp","href":"https:\/\/api.w.org\/{rel}","templated":true}]}}