{"id":19846,"date":"2023-03-27T12:58:58","date_gmt":"2023-03-27T12:58:58","guid":{"rendered":"https:\/\/conakrynews.org\/?p=19846"},"modified":"2023-03-27T12:58:58","modified_gmt":"2023-03-27T12:58:58","slug":"guinee-an-39-du-deces-de-lancien-president-ahmed-sekou-toure-le-chef-de-letat-assiste-a-la-ceremonie-dhommage","status":"publish","type":"post","link":"https:\/\/conakrynews.org\/index.php\/guinee-an-39-du-deces-de-lancien-president-ahmed-sekou-toure-le-chef-de-letat-assiste-a-la-ceremonie-dhommage\/","title":{"rendered":"Guin\u00e9e\/An 39 du d\u00e9c\u00e8s de l\u2019ancien Pr\u00e9sident Ahmed S\u00e9kou Tour\u00e9: le Chef de l\u2019Etat assiste \u00e0 la c\u00e9r\u00e9monie d\u2019hommage"},"content":{"rendered":"<p>26 mars 1984 \u2013 26 mars 2023, Il y a 39 ans que le Pr\u00e9sident Ahmed S\u00e9kou Tour\u00e9 rendait l\u2019\u00e2me. C\u2019est \u00e0 l\u2019occasion de cette date m\u00e9morielle que le Chef de l\u2019\u00c9tat, le Colonel Mamadi Doumbouya, a rendu un vibrant hommage au premier Pr\u00e9sident guin\u00e9en. En assistant personnellement ce dimanche 26 mars 2023, \u00e0 la c\u00e9r\u00e9monie de lecture du Saint Coran aux cases de Belle-vue organis\u00e9e \u00e0 cet effet par la famille du d\u00e9funt, en collaboration avec le secr\u00e9tariat aux Affaires religieuses.<br \/>\nCette c\u00e9r\u00e9monie de lecture du Saint Coran a r\u00e9uni le Ministre Directeur de Cabinet de la Pr\u00e9sidence Djiba Diakit\u00e9 et des membres du CNRD, notamment la colonelle Aminata Diallo, parents, amis, collaborateurs, sympathisants, partisans et fid\u00e8les musulmans, ainsi que des caravaniers venus du Mali, du Burkina Faso et du Cameroun. Ils ont tous invoqu\u00e9 le pardon de Dieu sur feu le Pr\u00e9sident Ahmed S\u00e9kou Tour\u00e9 et tous nos disparus avant d\u2019exalter au respect des id\u00e9aux de paix, d\u2019unit\u00e9 et de qui\u00e9tude sociales.<br \/>\nEntre r\u00e9citations coraniques, pri\u00e8res, b\u00e9n\u00e9dictions, compassions, rappels et t\u00e9moignages, un vibrant hommage est rendu \u00e0 l\u2019homme du 28 Septembre 1958. \u00c9galement une occasion pour les fid\u00e8les musulmans de reconnaitre les efforts du nouvel homme fort de la Guin\u00e9e, le Colonel Mamadi Doumbouya, pour ses nombreux efforts consentis en faveur des Guin\u00e9ens depuis le d\u00e9but de la Transition.<br \/>\nApr\u00e8s la lecture du Saint Coran, honneur est revenu \u00e0 l\u2019imam Elhadj Mansour Fadiga, de rappeler qu\u2019en ce jour comm\u00e9moratif, le Pr\u00e9sident Ahmed Sekou Tour\u00e9 m\u00e9rite des pri\u00e8res et des b\u00e9n\u00e9dictions pour avoir accord\u00e9 de son vivant une place de choix \u00e0 la religion musulmane, au Coran, \u00e0 sa promotion, sa vulgarisation \u00e0 travers la traduction et la diffusion.<br \/>\nL\u2019imam a par ailleurs salu\u00e9 l\u2019attachement et l\u2019int\u00e9r\u00eat que le Pr\u00e9sident de la Transition accorde \u00e0 cette religion de Dieu et son combat de tous les jours pour l\u2019unit\u00e9 des Guin\u00e9ens. Il a termin\u00e9 ses propos par des pri\u00e8res et des b\u00e9n\u00e9dictions pour le d\u00e9funt Pr\u00e9sident, pour une Transition r\u00e9ussie, pour une coh\u00e9sion et une paix durable en Guin\u00e9e.<br \/>\nDe vibrants hommages, des t\u00e9moignages poignants de la part des associations, repr\u00e9sentants et personnes ressources ont marqu\u00e9 la suite de la c\u00e9r\u00e9monie. Comme les interventions des caravaniers S\u00e9kou K\u00e9ita du Mali, Ga\u00ebl Djomo du Cameroun et Issoufou Kindo du Burkina Faso, qui ont laiss\u00e9 parler leur c\u0153ur pour exprimer leur compassion \u00e0 l\u2019endroit de feu le Pr\u00e9sident Ahmed S\u00e9kou Tour\u00e9, et ont, par la m\u00eame occasion, mis en lumi\u00e8re les actions salutaires de l\u2019homme du 05 septembre 2021.<br \/>\nA rappeler que c\u2019est aux cases de Belle-vue que le Pr\u00e9sident Ahmed S\u00e9kou Tour\u00e9 recevait ses h\u00f4tes de marque. Ce jardin pittoresque \u00e9tait, jusqu\u2019\u00e0 la prise de responsabilit\u00e9 du CNRD sous le leadership du Colonel Mamadi Doumbouya le 05 septembre 2021, dans un \u00e9tat de d\u00e9gradation tr\u00e8s pouss\u00e9. Apres l\u2019avoir restitu\u00e9 aux h\u00e9ritiers de l\u2019ancien Pr\u00e9sident, ce jardin commun\u00e9ment appel\u00e9 la case de Belle-vue est aujourd\u2019hui enti\u00e8rement r\u00e9nov\u00e9 par le Chef de l\u2019\u00c9tat. Un acte hautement symbolique et m\u00e9moriel qui vise \u00e0 redorer l\u2019image de ce bijou qui \u00e9tait quasiment \u00e0 l\u2019abandon.<br \/>\n\ud835\uddd7\ud835\uddd6\ud835\udddc-\ud835\udde3\ud835\udde5\ud835\uddda<\/p>\n","protected":false},"excerpt":{"rendered":"<p>26 mars 1984 \u2013 26 mars 2023, Il y a 39 ans que le Pr\u00e9sident Ahmed S\u00e9kou Tour\u00e9 rendait l\u2019\u00e2me. C\u2019est \u00e0 l\u2019occasion de cette date m\u00e9morielle que le Chef de l\u2019\u00c9tat, le Colonel Mamadi Doumbouya, a rendu un vibrant hommage au premier Pr\u00e9sident guin\u00e9en. En assistant personnellement ce dimanche 26 mars 2023, \u00e0 la [&hellip;]<\/p>\n","protected":false},"author":2,"featured_media":19847,"comment_status":"closed","ping_status":"closed","sticky":false,"template":"","format":"standard","meta":{"footnotes":""},"categories":[58],"tags":[],"class_list":{"0":"post-19846","1":"post","2":"type-post","3":"status-publish","4":"format-standard","5":"has-post-thumbnail","7":"category-societe"},"_links":{"self":[{"href":"https:\/\/conakrynews.org\/index.php\/wp-json\/wp\/v2\/posts\/19846","targetHints":{"allow":["GET"]}}],"collection":[{"href":"https:\/\/conakrynews.org\/index.php\/wp-json\/wp\/v2\/posts"}],"about":[{"href":"https:\/\/conakrynews.org\/index.php\/wp-json\/wp\/v2\/types\/post"}],"author":[{"embeddable":true,"href":"https:\/\/conakrynews.org\/index.php\/wp-json\/wp\/v2\/users\/2"}],"replies":[{"embeddable":true,"href":"https:\/\/conakrynews.org\/index.php\/wp-json\/wp\/v2\/comments?post=19846"}],"version-history":[{"count":0,"href":"https:\/\/conakrynews.org\/index.php\/wp-json\/wp\/v2\/posts\/19846\/revisions"}],"wp:featuredmedia":[{"embeddable":true,"href":"https:\/\/conakrynews.org\/index.php\/wp-json\/wp\/v2\/media\/19847"}],"wp:attachment":[{"href":"https:\/\/conakrynews.org\/index.php\/wp-json\/wp\/v2\/media?parent=19846"}],"wp:term":[{"taxonomy":"category","embeddable":true,"href":"https:\/\/conakrynews.org\/index.php\/wp-json\/wp\/v2\/categories?post=19846"},{"taxonomy":"post_tag","embeddable":true,"href":"https:\/\/conakrynews.org\/index.php\/wp-json\/wp\/v2\/tags?post=19846"}],"curies":[{"name":"wp","href":"https:\/\/api.w.org\/{rel}","templated":true}]}}