{"id":20970,"date":"2023-03-17T17:01:50","date_gmt":"2023-03-17T17:01:50","guid":{"rendered":"https:\/\/conakrynews.org\/?p=20970"},"modified":"2023-05-17T17:02:36","modified_gmt":"2023-05-17T17:02:36","slug":"protection-sociale-des-enfants-publication-dun-nouveau-rapport","status":"publish","type":"post","link":"https:\/\/conakrynews.org\/index.php\/protection-sociale-des-enfants-publication-dun-nouveau-rapport\/","title":{"rendered":"Protection sociale des enfants: Publication d&rsquo;un nouveau  rapport"},"content":{"rendered":"<p>L\u2019Organisation internationale du Travail (OIT) et l\u2019UNICEF, ont publi\u00e9  le 1 er mars 2023,  un nouveau rapport sur le nombre d\u2019enfants priv\u00e9s d\u2019acc\u00e8s \u00e0 la protection sociale. Selon ce rapport, le nombre d&rsquo;enfants priv\u00e9s d&rsquo;acc\u00e8s a la protection sociale  augmente d\u2019ann\u00e9e en ann\u00e9e, les rendant vuln\u00e9rables \u00e0 la pauvret\u00e9, aux famines et aux discriminations.<\/p>\n<p>C&rsquo;est un rapport Intitul\u00e9 Plus d&rsquo;un milliard de raisons : Le besoin urgent de mettre en place une protection sociale universelle pour les enfants, le rapport souligne avec inqui\u00e9tude qu\u2019entre 2016 et 2020, 50 millions d\u2019enfants suppl\u00e9mentaires \u00e2g\u00e9s de 0 \u00e0 15 ans ont \u00e9t\u00e9 priv\u00e9s de mesures de protection sociale pourtant indispensables, plus particuli\u00e8rement des prestations \u00e0 l\u2019enfance (en esp\u00e8ces ou en cr\u00e9dits d\u2019imp\u00f4t), ce qui porte \u00e0 1,46 milliard le nombre total d\u2019enfants de moins de 15 ans concern\u00e9s par cette situation dans le monde.<\/p>\n<p>Shahra Razavi, Directrice du d\u00e9partement  de la protection sociale de l&rsquo;OIT, a affirm\u00e9 :\u00a0\u00bb de mani\u00e8re fondamentale, le renforcement des efforts afin de garantir des investissements ad\u00e9quats en mati\u00e8re de protection sociale des enfants, id\u00e9alement via des prestations universelles \u00e0 l\u2019enfance permettant de venir en aide aux familles de mani\u00e8re constante, constitue un choix \u00e0 la fois \u00e9thique et rationnel, celui qui conduit au d\u00e9veloppements r\u00e9gions du monde entre 2016 et 2020, ne permettant \u00e0 aucun pays d\u2019\u00eatre en be voie pour r\u00e9aliser l\u2019objeloppementable visant \u00e0 atteindre une couverture de protection sociale significative d\u2019ici \u00e0 2030. Ainsi, en Am\u00e9rique latine et dans les Cara\u00efbes, le taux de couverture a nettement baiss\u00e9, passant d\u2019environ 51 % \u00e0 42 %, alors que dans beaucoup d\u2019autres r\u00e9gions du monde, la couverture stagne et reste faible. En Asie centrale et en Asie du Sud, en Asie orientale et en Asie du Sud-Est, en Afrique subsaharienne, en Asie occidentale et en Afrique du Nord, les taux de couverture tournent respectivement autour de 21 %, 14 %, 11 % et 28 % depuis 2016Le fait de ne pas fournir aux enfants une protection sociale ad\u00e9quate les expose \u00e0 la pauvret\u00e9, \u00e0 la maladie, \u00e0 l\u2019\u00e9chec scolaire et \u00e0 une mauvaise alimentation, en plus d\u2019augmenter les risques en mati\u00e8re de mariage d\u2019enfants et de travaux\u00a0\u00bb, a-t-affirm\u00e9.<\/p>\n<p>Ce rapport  rappelle que dans le monde, les enfants courent deux fois plus de risques que les adultes de vivre dans l\u2019extr\u00eame pauvret\u00e9 \u2013 soit de survivre avec moins de 1,90 dollar des \u00c9.-U. (PPA*) par jour \u2013 une situation qui concerne environ 356 millions d\u2019enfants. Un milliard d\u2019enfants vivent \u00e9galement dans une pauvret\u00e9 multidimensionnelle \u2013 c\u2019est-\u00e0-dire sans acc\u00e8s \u00e0 l\u2019\u00e9ducation, \u00e0 la sant\u00e9, au logement, \u00e0 la nutrition, \u00e0 l\u2019assainissement ou \u00e0 l\u2019eau. Le nombre d\u2019enfants touch\u00e9s par la pauvret\u00e9 multidimensionnelle a ainsi augment\u00e9 de 15 % pendant la pand\u00e9mie de COVID-19, annulant les progr\u00e8s pr\u00e9c\u00e9demment r\u00e9alis\u00e9s pour r\u00e9duire la pauvret\u00e9 touchant les enfants et renfor\u00e7ant le besoin urgent de protection sociale.<\/p>\n<p>Une Synth\u00e8se  de Bachir Hallaby<\/p>\n","protected":false},"excerpt":{"rendered":"<p>L\u2019Organisation internationale du Travail (OIT) et l\u2019UNICEF, ont publi\u00e9 le 1 er mars 2023, un nouveau rapport sur le nombre d\u2019enfants priv\u00e9s d\u2019acc\u00e8s \u00e0 la protection sociale. Selon ce rapport, le nombre d&rsquo;enfants priv\u00e9s d&rsquo;acc\u00e8s a la protection sociale augmente d\u2019ann\u00e9e en ann\u00e9e, les rendant vuln\u00e9rables \u00e0 la pauvret\u00e9, aux famines et aux discriminations. C&rsquo;est [&hellip;]<\/p>\n","protected":false},"author":2,"featured_media":20973,"comment_status":"closed","ping_status":"closed","sticky":false,"template":"","format":"standard","meta":{"footnotes":""},"categories":[1],"tags":[],"class_list":{"0":"post-20970","1":"post","2":"type-post","3":"status-publish","4":"format-standard","5":"has-post-thumbnail","7":"category-non-classe"},"_links":{"self":[{"href":"https:\/\/conakrynews.org\/index.php\/wp-json\/wp\/v2\/posts\/20970","targetHints":{"allow":["GET"]}}],"collection":[{"href":"https:\/\/conakrynews.org\/index.php\/wp-json\/wp\/v2\/posts"}],"about":[{"href":"https:\/\/conakrynews.org\/index.php\/wp-json\/wp\/v2\/types\/post"}],"author":[{"embeddable":true,"href":"https:\/\/conakrynews.org\/index.php\/wp-json\/wp\/v2\/users\/2"}],"replies":[{"embeddable":true,"href":"https:\/\/conakrynews.org\/index.php\/wp-json\/wp\/v2\/comments?post=20970"}],"version-history":[{"count":0,"href":"https:\/\/conakrynews.org\/index.php\/wp-json\/wp\/v2\/posts\/20970\/revisions"}],"wp:featuredmedia":[{"embeddable":true,"href":"https:\/\/conakrynews.org\/index.php\/wp-json\/wp\/v2\/media\/20973"}],"wp:attachment":[{"href":"https:\/\/conakrynews.org\/index.php\/wp-json\/wp\/v2\/media?parent=20970"}],"wp:term":[{"taxonomy":"category","embeddable":true,"href":"https:\/\/conakrynews.org\/index.php\/wp-json\/wp\/v2\/categories?post=20970"},{"taxonomy":"post_tag","embeddable":true,"href":"https:\/\/conakrynews.org\/index.php\/wp-json\/wp\/v2\/tags?post=20970"}],"curies":[{"name":"wp","href":"https:\/\/api.w.org\/{rel}","templated":true}]}}