{"id":21195,"date":"2023-05-31T13:24:28","date_gmt":"2023-05-31T13:24:28","guid":{"rendered":"https:\/\/conakrynews.org\/?p=21195"},"modified":"2023-05-31T13:24:28","modified_gmt":"2023-05-31T13:24:28","slug":"societe-le-collectif-des-candidats-au-concours-dintegration-a-la-fonction-publique-session-2020-denonce-une-injustice-de-letat-guineen","status":"publish","type":"post","link":"https:\/\/conakrynews.org\/index.php\/societe-le-collectif-des-candidats-au-concours-dintegration-a-la-fonction-publique-session-2020-denonce-une-injustice-de-letat-guineen\/","title":{"rendered":"Soci\u00e9t\u00e9 : le collectif des candidats au concours d\u2019int\u00e9gration \u00e0 la fonction publique session 2020 d\u00e9nonce une injustice de l\u2019\u00c9tat Guin\u00e9en"},"content":{"rendered":"<p>Le collectif des candidats au concours d\u2019int\u00e9gration \u00e0 la fonction publique session 2019_2020 a anim\u00e9 une conf\u00e9rence de presse ce, mardi 30 mai 2023 \u00e0 la maison de la presse \u00e0 la  Mini\u00e8re sise dans la commune de Dixinn, pour faire le point de leur situation.<br \/>\nCette conf\u00e9rence organis\u00e9e autour du th\u00e8me  \u00ab le collectif face \u00e0 l\u2019injustice du Gouvernement Guin\u00e9en \u00bb a \u00e9t\u00e9 l\u2019occasion pour ces futurs cadres de l\u2019administration publique d\u2019interpeller les autorit\u00e9s de la transition afin de trouver une solution \u00e0 leur probl\u00e8me.<br \/>\nDans sa communication, le coordinateur national dudit mouvement,  Siba Marcel Kilavogui a fait savoir que c\u2019est en septembre 2020 qu\u2019ils ont pass\u00e9 concours d\u2019int\u00e9gration \u00e0 la fonction publique en qualit\u00e9 de conservateurs de la nature au compte du Minist\u00e8re de l\u2019environnement et de d\u00e9veloppement durable.<br \/>\n\u00ab Depuis cette date, le r\u00e9sultat n\u2019a jamais \u00e9t\u00e9 rendu public. L\u2019av\u00e8nement du Comit\u00e9 National du Rassemblement et de D\u00e9veloppement (CNRD), \u00e0 la t\u00eate de la nation Guin\u00e9enne a suscit\u00e9 beaucoup d\u2019espoir pour la jeunesse Guin\u00e9enne. Donc, nous voulons que la boussole souriante parte vers la publication du r\u00e9sultat de ce concours qui n\u2019a que trop dur\u00e9e. \u00bb  A-t-il soulign\u00e9.<br \/>\nPoursuivant, il a indiqu\u00e9  qu\u2019ils sont victimes d\u2019injustice de l\u2019\u00c9tat , et qu\u2019ils n\u2019ont aucune relation, ni l\u2019argent pour acc\u00e9der \u00e0 la fonction publique.<br \/>\n\u00ab La seule chose que nous disposons, c\u2019est la formation acad\u00e9mique. C\u2019est pourquoi, nous interpellons le Gouvernement en g\u00e9n\u00e9ral et Pr\u00e9sident de la Transition, colonel Mamadi Dounbouya en particulier pour son implication personnelle. nous sommes convaincus et rassur\u00e9s qu\u2019 il pr\u00eatera une oreille attentive au cris de c\u0153ur \u00e0 ces jeunes pour un avenir de paix et de justice \u00bb a-t-il conclu.<\/p>\n<p>Guineequotidien.com<br \/>\nco <\/p>\n","protected":false},"excerpt":{"rendered":"<p>Le collectif des candidats au concours d\u2019int\u00e9gration \u00e0 la fonction publique session 2019_2020 a anim\u00e9 une conf\u00e9rence de presse ce, mardi 30 mai 2023 \u00e0 la maison de la presse \u00e0 la Mini\u00e8re sise dans la commune de Dixinn, pour faire le point de leur situation. Cette conf\u00e9rence organis\u00e9e autour du th\u00e8me \u00ab le collectif [&hellip;]<\/p>\n","protected":false},"author":2,"featured_media":21196,"comment_status":"closed","ping_status":"closed","sticky":false,"template":"","format":"standard","meta":{"footnotes":""},"categories":[58],"tags":[],"class_list":{"0":"post-21195","1":"post","2":"type-post","3":"status-publish","4":"format-standard","5":"has-post-thumbnail","7":"category-societe"},"_links":{"self":[{"href":"https:\/\/conakrynews.org\/index.php\/wp-json\/wp\/v2\/posts\/21195","targetHints":{"allow":["GET"]}}],"collection":[{"href":"https:\/\/conakrynews.org\/index.php\/wp-json\/wp\/v2\/posts"}],"about":[{"href":"https:\/\/conakrynews.org\/index.php\/wp-json\/wp\/v2\/types\/post"}],"author":[{"embeddable":true,"href":"https:\/\/conakrynews.org\/index.php\/wp-json\/wp\/v2\/users\/2"}],"replies":[{"embeddable":true,"href":"https:\/\/conakrynews.org\/index.php\/wp-json\/wp\/v2\/comments?post=21195"}],"version-history":[{"count":0,"href":"https:\/\/conakrynews.org\/index.php\/wp-json\/wp\/v2\/posts\/21195\/revisions"}],"wp:featuredmedia":[{"embeddable":true,"href":"https:\/\/conakrynews.org\/index.php\/wp-json\/wp\/v2\/media\/21196"}],"wp:attachment":[{"href":"https:\/\/conakrynews.org\/index.php\/wp-json\/wp\/v2\/media?parent=21195"}],"wp:term":[{"taxonomy":"category","embeddable":true,"href":"https:\/\/conakrynews.org\/index.php\/wp-json\/wp\/v2\/categories?post=21195"},{"taxonomy":"post_tag","embeddable":true,"href":"https:\/\/conakrynews.org\/index.php\/wp-json\/wp\/v2\/tags?post=21195"}],"curies":[{"name":"wp","href":"https:\/\/api.w.org\/{rel}","templated":true}]}}