{"id":21285,"date":"2023-06-05T07:51:18","date_gmt":"2023-06-05T07:51:18","guid":{"rendered":"https:\/\/conakrynews.org\/?p=21285"},"modified":"2023-06-05T07:51:18","modified_gmt":"2023-06-05T07:51:18","slug":"guinee-de-retour-de-turquie-mamadi-doumbouya-accueilli-en-heros-a-conakry","status":"publish","type":"post","link":"https:\/\/conakrynews.org\/index.php\/guinee-de-retour-de-turquie-mamadi-doumbouya-accueilli-en-heros-a-conakry\/","title":{"rendered":"Guin\u00e9e: de retour de Turquie, Mamadi Doumbouya accueilli en h\u00e9ros \u00e0 Conakry"},"content":{"rendered":"<p>Le Chef de l\u2019\u00c9tat, le Colonel Mamadi Doumbouya, est revenu \u00e0 Conakry dans la soir\u00e9e de ce Dimanche 4 juin 2023, en provenance d\u2019Ankara en Turquie, o\u00f9 il a honor\u00e9 de sa pr\u00e9sence la c\u00e9r\u00e9monie officielle d\u2019investiture du Pr\u00e9sident Recep Tayyip Erdo\u011fan, \u00e0 l\u2019aimable invitation de ce dernier.<br \/>\nL\u2019avion pr\u00e9sidentiel, transportant le Pr\u00e9sident de la Transition et sa d\u00e9l\u00e9gation, a atterri \u00e0 18h40 \u00e0 l\u2019a\u00e9roport International Ahmed S\u00e9kou Tour\u00e9.<\/p>\n<p>\u00c0 son arriv\u00e9e, apr\u00e8s avoir rendu hommage au drapeau et \u00e9cout\u00e9 l\u2019hymne national, le Chef supr\u00eame des Arm\u00e9es a pass\u00e9 en revue les troupes, salu\u00e9 les corps constitu\u00e9s ainsi que les officiels venus lui souhaiter la bienvenue. Parmi eux figuraient le Ministre Secr\u00e9taire G\u00e9n\u00e9ral de la Pr\u00e9sidence, le G\u00e9n\u00e9ral Amara Camara, le Ministre Directeur du Cabinet Pr\u00e9sidentiel, Djiba Diakit\u00e9, les hauts grad\u00e9s militaires, les membres du CNRD, le Gouvernement, les repr\u00e9sentants des institutions r\u00e9publicaines et le corps diplomatique.<\/p>\n<p>Par le biais du Ministre des Affaires \u00c9trang\u00e8res, Dr Morissanda Kouyat\u00e9, le Pr\u00e9sident de la Transition s\u2019est r\u00e9joui d\u2019un s\u00e9jour fructueux qui a permis non seulement de renforcer les liens entre la Guin\u00e9e et la Turquie, mais \u00e9galement d\u2019engager des \u00e9changes fructueux avec plusieurs Chefs d\u2019\u00c9tat africains et internationaux.<\/p>\n<p>En marge de la c\u00e9r\u00e9monie d\u2019investiture \u00e0 Ankara, le Pr\u00e9sident turc, Recep Tayyip Erdogan, a eu un \u00e9change chaleureux et fraternel avec son homologue guin\u00e9en, le Colonel Mamadi Doumbouya. Lors de cette rencontre, les deux Chefs d\u2019\u00c9tat ont fait le point sur l\u2019\u00e9tat de la coop\u00e9ration bilat\u00e9rale entre la Guin\u00e9e et la Turquie, et ont exprim\u00e9 leur volont\u00e9 de la maintenir et de la renforcer davantage.<br \/>\nCette premi\u00e8re visite du Pr\u00e9sident Mamadi Doumbouya sur le continent europ\u00e9en, en terre turque, t\u00e9moigne de la vitalit\u00e9 de l\u2019axe de coop\u00e9ration entre la Guin\u00e9e et la Turquie, qui prend une dimension dynamique. Elle symbolise \u00e9galement l\u2019ouverture de la Guin\u00e9e au reste du monde, \u00e0 une p\u00e9riode cruciale de son histoire.<\/p>\n<p>Le Pr\u00e9sident de la Transition, Son Excellence le Colonel Mamadi Doumbouya, a \u00e9t\u00e9 accueilli avec enthousiasme par une foule en liesse qui l\u2019a accompagn\u00e9 depuis l\u2019a\u00e9roport jusqu\u2019aux portes du Palais Mohammed V.<\/p>\n<p>\ud835\uddd7\ud835\uddd6\ud835\udddc-\ud835\udde3\ud835\udde5\ud835\uddda<\/p>\n","protected":false},"excerpt":{"rendered":"<p>Le Chef de l\u2019\u00c9tat, le Colonel Mamadi Doumbouya, est revenu \u00e0 Conakry dans la soir\u00e9e de ce Dimanche 4 juin 2023, en provenance d\u2019Ankara en Turquie, o\u00f9 il a honor\u00e9 de sa pr\u00e9sence la c\u00e9r\u00e9monie officielle d\u2019investiture du Pr\u00e9sident Recep Tayyip Erdo\u011fan, \u00e0 l\u2019aimable invitation de ce dernier. L\u2019avion pr\u00e9sidentiel, transportant le Pr\u00e9sident de la [&hellip;]<\/p>\n","protected":false},"author":2,"featured_media":21288,"comment_status":"closed","ping_status":"closed","sticky":false,"template":"","format":"standard","meta":{"footnotes":""},"categories":[1],"tags":[],"class_list":{"0":"post-21285","1":"post","2":"type-post","3":"status-publish","4":"format-standard","5":"has-post-thumbnail","7":"category-non-classe"},"_links":{"self":[{"href":"https:\/\/conakrynews.org\/index.php\/wp-json\/wp\/v2\/posts\/21285","targetHints":{"allow":["GET"]}}],"collection":[{"href":"https:\/\/conakrynews.org\/index.php\/wp-json\/wp\/v2\/posts"}],"about":[{"href":"https:\/\/conakrynews.org\/index.php\/wp-json\/wp\/v2\/types\/post"}],"author":[{"embeddable":true,"href":"https:\/\/conakrynews.org\/index.php\/wp-json\/wp\/v2\/users\/2"}],"replies":[{"embeddable":true,"href":"https:\/\/conakrynews.org\/index.php\/wp-json\/wp\/v2\/comments?post=21285"}],"version-history":[{"count":0,"href":"https:\/\/conakrynews.org\/index.php\/wp-json\/wp\/v2\/posts\/21285\/revisions"}],"wp:featuredmedia":[{"embeddable":true,"href":"https:\/\/conakrynews.org\/index.php\/wp-json\/wp\/v2\/media\/21288"}],"wp:attachment":[{"href":"https:\/\/conakrynews.org\/index.php\/wp-json\/wp\/v2\/media?parent=21285"}],"wp:term":[{"taxonomy":"category","embeddable":true,"href":"https:\/\/conakrynews.org\/index.php\/wp-json\/wp\/v2\/categories?post=21285"},{"taxonomy":"post_tag","embeddable":true,"href":"https:\/\/conakrynews.org\/index.php\/wp-json\/wp\/v2\/tags?post=21285"}],"curies":[{"name":"wp","href":"https:\/\/api.w.org\/{rel}","templated":true}]}}