{"id":21325,"date":"2023-06-06T16:07:24","date_gmt":"2023-06-06T16:07:24","guid":{"rendered":"https:\/\/conakrynews.org\/?p=21325"},"modified":"2023-06-06T16:07:24","modified_gmt":"2023-06-06T16:07:24","slug":"la-guinee-celebre-la-journee-mondiale-de-lenvironnement","status":"publish","type":"post","link":"https:\/\/conakrynews.org\/index.php\/la-guinee-celebre-la-journee-mondiale-de-lenvironnement\/","title":{"rendered":"La Guin\u00e9e c\u00e9l\u00e8bre la Journ\u00e9e Mondiale de l\u2019Environnement"},"content":{"rendered":"<p>Lutter contre la pollution plastique est la th\u00e9matique choisie cette ann\u00e9e pour c\u00e9l\u00e9brer la Journ\u00e9e mondiale de l\u2019Environnement . Elle est c\u00e9l\u00e9br\u00e9e , le 5 d\u00e9cembre de chaque ann\u00e9e depuis 1974 par des millions de personnes \u00e0 travers le monde,  sous les auspices des Nations unies.  Cette ann\u00e9e, c\u2019est la C\u00f4te d\u2019Ivoire qui accueille la c\u00e9l\u00e9bration de cette Journ\u00e9e,  au niveau mondial sous le Th\u00e8me : Combattre la pollution plastique.<\/p>\n<p>En Guin\u00e9e, la c\u00e9l\u00e9bration de cette journ\u00e9e s\u2019est d\u00e9roul\u00e9e en deux phases. La premi\u00e8re phase a \u00e9t\u00e9 organis\u00e9e au D\u00e9barcad\u00e8re (Port Artisanal de T\u00e9m\u00e9n\u00e9taye) .<\/p>\n<p>Elle a consist\u00e9 \u00e0 des activit\u00e9s de ramassage des ordures et d\u2019assainissement, impliquant les cadres du Minist\u00e8re, les mareyeuses et le Corps de Conservateur de la nature. Cette c\u00e9r\u00e9monie \u00e9tait pr\u00e9sid\u00e9e par Mme la Ministre de l\u2019Environnement et d\u00e9veloppement durable, Hadja Safiatou Diallo, entour\u00e9e de son Secr\u00e9taire G\u00e9n\u00e9ral et le Repr\u00e9sentant r\u00e9sident du PNUD, M. Luc Jo\u00ebl Gr\u00e9goire,  accompagn\u00e9 du Charg\u00e9 de Programme Environnement et D\u00e9veloppement durable, Mamadou Cir\u00e9 Camara, de l\u2019Expert national en changement climatique gestion durable des terres, Aboubacar Youla et Responsable de l\u2019Unit\u00e9 communication et culture, Mamadou Saliou Diallo.<\/p>\n<p>La seconde phase de cette journ\u00e9e s\u2019est d\u00e9roul\u00e9e dans l\u2019Enceinte du Minist\u00e8re de l\u2019Environnement et d\u00e9veloppement durable. Elle a \u00e9t\u00e9 consacr\u00e9e \u00e0 la visite des stands des produits r\u00e9alis\u00e9s \u00e0 partir des d\u00e9chets plastiques, aux discours officiels et un Slam sur la sensibilisation  impliquant le PNUD, repr\u00e9sent\u00e9 par le Charg\u00e9 de programme Environnement et d\u00e9veloppement durable et Sanita Villes propres. C\u2019\u00e9tait en pr\u00e9sence de  Mme Jolita PONS, Ambassadeur, Chef de la D\u00e9l\u00e9gation de l\u2019UE<\/p>\n<p>Chaque ann\u00e9e, l\u2019humanit\u00e9 produit plus de 400 millions de tonnes de plastique, dont un tiers n\u2019est utilis\u00e9 qu\u2019une seule fois. Chaque jour, l\u2019\u00e9quivalent de plus de 2 000 camions \u00e0 ordures remplis de plastique est d\u00e9vers\u00e9 dans nos oc\u00e9ans, dans nos rivi\u00e8res et dans nos lacs.<\/p>\n<p>En Guin\u00e9e, la quantit\u00e9 de d\u00e9chets plastique produits est de 0, 603 kilogrammes par jour et par habitant soit environ 500 000 tonnes de d\u00e9chets plastiques se trouvant dans la nature avec des cons\u00e9quences catastrophiques sur la sant\u00e9 des populations.<\/p>\n<p>Le  Repr\u00e9sentant r\u00e9sident du PNUD en Guin\u00e9e, dans son allocution a soulign\u00e9 que cette journ\u00e9e mondiale de l\u2019environnement est la plus grande plate-forme mondiale de sensibilisation et de prise d\u2019initiatives pour r\u00e9pondre aux d\u00e9fis urgents et que le PNUD s\u2019engage \u00e0 accompagner toutes initiatives du Gouvernement \u00e0 travers le Minist\u00e8re de l\u2019Environnement et D\u00e9veloppement visant \u00e0 combattre la pollution plastique.<\/p>\n<p>Pour Mme la Ministre de l\u2019Environnement et D\u00e9veloppement durable cette journ\u00e9e est un appel \u00e0 combattre la pollution plastique,  \u00e0 renforcer la sensibilisation et \u00e0 prendre de nouveaux engagements pour restaurer et prot\u00e9ger les \u00e9cosyst\u00e8mes afin de d\u2019am\u00e9liorer le bien-\u00eatre de nombreuses populations. C\u2019est pourquoi il convient d\u2019int\u00e9grer \u00e0 grande \u00e9chelle la question de la probl\u00e9matique  pollution plastique dans nos priorit\u00e9s  en vue d\u2019un changement de paradigme.<\/p>\n<p>Par Mamadou Saliou Diallo du PNUD-Guin\u00e9e<\/p>\n","protected":false},"excerpt":{"rendered":"<p>Lutter contre la pollution plastique est la th\u00e9matique choisie cette ann\u00e9e pour c\u00e9l\u00e9brer la Journ\u00e9e mondiale de l\u2019Environnement . Elle est c\u00e9l\u00e9br\u00e9e , le 5 d\u00e9cembre de chaque ann\u00e9e depuis 1974 par des millions de personnes \u00e0 travers le monde, sous les auspices des Nations unies. Cette ann\u00e9e, c\u2019est la C\u00f4te d\u2019Ivoire qui accueille la [&hellip;]<\/p>\n","protected":false},"author":2,"featured_media":21326,"comment_status":"closed","ping_status":"closed","sticky":false,"template":"","format":"standard","meta":{"footnotes":""},"categories":[58],"tags":[],"class_list":{"0":"post-21325","1":"post","2":"type-post","3":"status-publish","4":"format-standard","5":"has-post-thumbnail","7":"category-societe"},"_links":{"self":[{"href":"https:\/\/conakrynews.org\/index.php\/wp-json\/wp\/v2\/posts\/21325","targetHints":{"allow":["GET"]}}],"collection":[{"href":"https:\/\/conakrynews.org\/index.php\/wp-json\/wp\/v2\/posts"}],"about":[{"href":"https:\/\/conakrynews.org\/index.php\/wp-json\/wp\/v2\/types\/post"}],"author":[{"embeddable":true,"href":"https:\/\/conakrynews.org\/index.php\/wp-json\/wp\/v2\/users\/2"}],"replies":[{"embeddable":true,"href":"https:\/\/conakrynews.org\/index.php\/wp-json\/wp\/v2\/comments?post=21325"}],"version-history":[{"count":0,"href":"https:\/\/conakrynews.org\/index.php\/wp-json\/wp\/v2\/posts\/21325\/revisions"}],"wp:featuredmedia":[{"embeddable":true,"href":"https:\/\/conakrynews.org\/index.php\/wp-json\/wp\/v2\/media\/21326"}],"wp:attachment":[{"href":"https:\/\/conakrynews.org\/index.php\/wp-json\/wp\/v2\/media?parent=21325"}],"wp:term":[{"taxonomy":"category","embeddable":true,"href":"https:\/\/conakrynews.org\/index.php\/wp-json\/wp\/v2\/categories?post=21325"},{"taxonomy":"post_tag","embeddable":true,"href":"https:\/\/conakrynews.org\/index.php\/wp-json\/wp\/v2\/tags?post=21325"}],"curies":[{"name":"wp","href":"https:\/\/api.w.org\/{rel}","templated":true}]}}