{"id":21417,"date":"2023-06-11T15:43:32","date_gmt":"2023-06-11T15:43:32","guid":{"rendered":"https:\/\/conakrynews.org\/?p=21417"},"modified":"2023-06-11T15:43:32","modified_gmt":"2023-06-11T15:43:32","slug":"culture-djely-kani-fanta-annonce-la-sortie-de-son-double-album","status":"publish","type":"post","link":"https:\/\/conakrynews.org\/index.php\/culture-djely-kani-fanta-annonce-la-sortie-de-son-double-album\/","title":{"rendered":"Culture : Djely Kani Fanta annonce la sortie de son double album"},"content":{"rendered":"<p>Au cours d\u2019une conf\u00e9rence de presse ce vendredi 9 juin 2023, l\u2019artiste griotte Djely Kani Fanta a annonc\u00e9 la sortie de son double album samedi 10 juin prochain  au chapiteau By Issa du palais du peuple avec les titres \u2018\u2019Sumu Wassabali \u00bb et \u00ab Mandingue c\u2019est le Destin \u00bb<br \/>\n\u00c0 l\u2019entame, la diva a magnifi\u00e9 les efforts fournis par son entourage ainsi que sa maman qui lui a permis d\u2019atteindre les objectifs qu\u2019elle a tant souhait\u00e9 dans sa carri\u00e8re musicale.<br \/>\nParlant des deux albums, Dj\u00e9ly Kani Fanta a soulign\u00e9 qu\u2019elle a commenc\u00e9 avec l\u2019album Wassabali, le titre Wassabali qui veut dire quelqu\u2019un qui est toujours insatisfait dans sa vie, m\u00eame si tu le donnais tout il ne va jamais reconna\u00eetre les bienfaits d\u2019une personne.<br \/>\n\u00ab Quant \u00e0 l\u2019album le Destin, je dirais tout simplement que tout le monde a son destin chez le cr\u00e9ateur, il ne faut jamais \u00eatre press\u00e9 pour avoir ton destin, il faut aller lentement mais s\u00fbrement pour atteindre tes objectifs. Moi, je suis sur ce chemin l\u00e0 et personne ne peut me faire quitter sur le chemin de la r\u00e9ussite. Je suis griotte, je ne suis pas artiste comme les autres, je suis naturellement griotte. Donc, je vous invite tous le 10 juin au chapiteau By Issa pour une fois encore \u00e9couter les paroliers des griots et des griottes \u00bb, a d\u00e9clar\u00e9 la diva Djely Kani Fanta.<\/p>\n<p>Guineequotidien.com <\/p>\n","protected":false},"excerpt":{"rendered":"<p>Au cours d\u2019une conf\u00e9rence de presse ce vendredi 9 juin 2023, l\u2019artiste griotte Djely Kani Fanta a annonc\u00e9 la sortie de son double album samedi 10 juin prochain au chapiteau By Issa du palais du peuple avec les titres \u2018\u2019Sumu Wassabali \u00bb et \u00ab Mandingue c\u2019est le Destin \u00bb \u00c0 l\u2019entame, la diva a magnifi\u00e9 [&hellip;]<\/p>\n","protected":false},"author":2,"featured_media":21418,"comment_status":"closed","ping_status":"closed","sticky":false,"template":"","format":"standard","meta":{"footnotes":""},"categories":[62],"tags":[],"class_list":{"0":"post-21417","1":"post","2":"type-post","3":"status-publish","4":"format-standard","5":"has-post-thumbnail","7":"category-culture"},"_links":{"self":[{"href":"https:\/\/conakrynews.org\/index.php\/wp-json\/wp\/v2\/posts\/21417","targetHints":{"allow":["GET"]}}],"collection":[{"href":"https:\/\/conakrynews.org\/index.php\/wp-json\/wp\/v2\/posts"}],"about":[{"href":"https:\/\/conakrynews.org\/index.php\/wp-json\/wp\/v2\/types\/post"}],"author":[{"embeddable":true,"href":"https:\/\/conakrynews.org\/index.php\/wp-json\/wp\/v2\/users\/2"}],"replies":[{"embeddable":true,"href":"https:\/\/conakrynews.org\/index.php\/wp-json\/wp\/v2\/comments?post=21417"}],"version-history":[{"count":0,"href":"https:\/\/conakrynews.org\/index.php\/wp-json\/wp\/v2\/posts\/21417\/revisions"}],"wp:featuredmedia":[{"embeddable":true,"href":"https:\/\/conakrynews.org\/index.php\/wp-json\/wp\/v2\/media\/21418"}],"wp:attachment":[{"href":"https:\/\/conakrynews.org\/index.php\/wp-json\/wp\/v2\/media?parent=21417"}],"wp:term":[{"taxonomy":"category","embeddable":true,"href":"https:\/\/conakrynews.org\/index.php\/wp-json\/wp\/v2\/categories?post=21417"},{"taxonomy":"post_tag","embeddable":true,"href":"https:\/\/conakrynews.org\/index.php\/wp-json\/wp\/v2\/tags?post=21417"}],"curies":[{"name":"wp","href":"https:\/\/api.w.org\/{rel}","templated":true}]}}