{"id":21421,"date":"2023-06-12T10:38:42","date_gmt":"2023-06-12T10:38:42","guid":{"rendered":"https:\/\/conakrynews.org\/?p=21421"},"modified":"2023-06-12T10:38:42","modified_gmt":"2023-06-12T10:38:42","slug":"italie-lex-president-du-conseil-et-homme-daffaires-silvio-berlusconi-est-mort","status":"publish","type":"post","link":"https:\/\/conakrynews.org\/index.php\/italie-lex-president-du-conseil-et-homme-daffaires-silvio-berlusconi-est-mort\/","title":{"rendered":"Italie: l\u2019ex-pr\u00e9sident du Conseil et homme d\u2019affaires, Silvio Berlusconi, est mort"},"content":{"rendered":"<p>Silvio Berlusconi, le magnat des m\u00e9dias qui a dirig\u00e9 l\u2019Italie durant neuf ans, est mort \u00e0 86 ans des suites d\u2019une leuc\u00e9mie, selon son entourage. Surnomm\u00e9 \u00ab l\u2019immortel \u00bb pour sa long\u00e9vit\u00e9 en politique, le s\u00e9nateur et homme d\u2019affaires a profond\u00e9ment marqu\u00e9 le paysage politique de son pays. Celui qui avait \u00e9t\u00e9 emp\u00eatr\u00e9 dans des scandales sexuels et des affaires judiciaires sans fin r\u00e9gna pr\u00e8s de 30 ans sur la vie politique italienne, repoussant sans cesse la fin de sa vie publique.<\/p>\n<p>Ain\u00e9 d\u2019une famille milanaise de la classe moyenne, animateur de croisi\u00e8re avant de se lancer avec succ\u00e8s dans l\u2019immobilier puis dans la finance et dans les m\u00e9dias, pr\u00e9sident du club de l\u2019AC Milan pendant 31 ans, il avait fait une entr\u00e9e fracassante en politique en 1994 en remportant les \u00e9lections l\u00e9gislatives avec son tout nouveau parti Forza Italia.<\/p>\n<p>Quatre fois chef du gouvernement, d\u00e9put\u00e9 pendant 18 ans, \u00e9lu europ\u00e9en \u00e0 deux reprises et \u00e0 nouveau s\u00e9nateur, \u00e0 l\u2019\u00e2ge de 85 ans, il avait fait un \u00e9ni\u00e8me come-backen septembre 2022, toujours sous l\u2019\u00e9tiquette Forza Italia. Mais son assiduit\u00e9 \u00e0 la chambre haute du Parlement \u00e9tait quasi nulle. Silvio Berlusconi, dont le parti appartient \u00e0 la coalition soutenant le gouvernement de GiorgiaMeloni, avait en effet multipli\u00e9 ces derniers temps les s\u00e9jours \u00e0 l\u2019h\u00f4pital.<\/p>\n<p>Avec RFI.<\/p>\n","protected":false},"excerpt":{"rendered":"<p>Silvio Berlusconi, le magnat des m\u00e9dias qui a dirig\u00e9 l\u2019Italie durant neuf ans, est mort \u00e0 86 ans des suites d\u2019une leuc\u00e9mie, selon son entourage. Surnomm\u00e9 \u00ab l\u2019immortel \u00bb pour sa long\u00e9vit\u00e9 en politique, le s\u00e9nateur et homme d\u2019affaires a profond\u00e9ment marqu\u00e9 le paysage politique de son pays. Celui qui avait \u00e9t\u00e9 emp\u00eatr\u00e9 dans des [&hellip;]<\/p>\n","protected":false},"author":2,"featured_media":21422,"comment_status":"closed","ping_status":"closed","sticky":false,"template":"","format":"standard","meta":{"footnotes":""},"categories":[58],"tags":[],"class_list":{"0":"post-21421","1":"post","2":"type-post","3":"status-publish","4":"format-standard","5":"has-post-thumbnail","7":"category-societe"},"_links":{"self":[{"href":"https:\/\/conakrynews.org\/index.php\/wp-json\/wp\/v2\/posts\/21421","targetHints":{"allow":["GET"]}}],"collection":[{"href":"https:\/\/conakrynews.org\/index.php\/wp-json\/wp\/v2\/posts"}],"about":[{"href":"https:\/\/conakrynews.org\/index.php\/wp-json\/wp\/v2\/types\/post"}],"author":[{"embeddable":true,"href":"https:\/\/conakrynews.org\/index.php\/wp-json\/wp\/v2\/users\/2"}],"replies":[{"embeddable":true,"href":"https:\/\/conakrynews.org\/index.php\/wp-json\/wp\/v2\/comments?post=21421"}],"version-history":[{"count":0,"href":"https:\/\/conakrynews.org\/index.php\/wp-json\/wp\/v2\/posts\/21421\/revisions"}],"wp:featuredmedia":[{"embeddable":true,"href":"https:\/\/conakrynews.org\/index.php\/wp-json\/wp\/v2\/media\/21422"}],"wp:attachment":[{"href":"https:\/\/conakrynews.org\/index.php\/wp-json\/wp\/v2\/media?parent=21421"}],"wp:term":[{"taxonomy":"category","embeddable":true,"href":"https:\/\/conakrynews.org\/index.php\/wp-json\/wp\/v2\/categories?post=21421"},{"taxonomy":"post_tag","embeddable":true,"href":"https:\/\/conakrynews.org\/index.php\/wp-json\/wp\/v2\/tags?post=21421"}],"curies":[{"name":"wp","href":"https:\/\/api.w.org\/{rel}","templated":true}]}}