{"id":21448,"date":"2023-06-13T11:11:51","date_gmt":"2023-06-13T11:11:51","guid":{"rendered":"https:\/\/conakrynews.org\/?p=21448"},"modified":"2023-06-13T11:11:51","modified_gmt":"2023-06-13T11:11:51","slug":"sante-publique-le-cholera-est-a-la-baisse-en-afrique-du-sud-selon-le-gouvernement","status":"publish","type":"post","link":"https:\/\/conakrynews.org\/index.php\/sante-publique-le-cholera-est-a-la-baisse-en-afrique-du-sud-selon-le-gouvernement\/","title":{"rendered":"Sant\u00e9 publique: Le chol\u00e9ra est \u00e0 la baisse en Afrique du Sud, selon le gouvernement"},"content":{"rendered":"<p>Les cas de chol\u00e9ra confirm\u00e9s en laboratoire sont r\u00e9partis dans trois provinces d&rsquo;Afrique du Sud. Photo: Kristin Palitza\/dpa<br \/>\nSant\u00e9 publique: Le chol\u00e9ra est \u00e0 la baisse en Afrique du Sud, selon le gouvernement<\/p>\n<p>L\u2019origine de l\u2019\u00e9pid\u00e9mie n\u2019est pas encore identifi\u00e9e d\u2019apr\u00e8s le ministre de la Sant\u00e9 qui \u00e9carte pour l\u2019instant une contamination hydrique.<\/p>\n<p>\u00ab La tendance est \u00e0 la baisse et l\u2019\u00e9pid\u00e9mie [de chol\u00e9ra] reste \u00e0 Tshwane \u00bb, l\u2019une des huit municipalit\u00e9s m\u00e9tropolitaines en Afrique du Sud, a annonc\u00e9 le ministre de la Sant\u00e9, Joe Phaahla, lors d\u2019un point de presse.<br \/>\nLe ministre a \u00e9galement annonc\u00e9 que la source de l\u2019\u00e9pid\u00e9mie de chol\u00e9ra n\u2019a pas encore \u00e9t\u00e9 identifi\u00e9e. Et d\u2019ajouter qu\u2019on \u00ab observe une tendance \u00e0 la baisse des infections et une diminution significative [du nombre] de malades graves \u00bb.<\/p>\n<p>Il a ajout\u00e9 que le nombre de d\u00e9c\u00e8s a \u00e9t\u00e9 de 17 en sept jours. Au cours des sept jours suivants, du 24 au 30 mai, le nombre de patients est descendu \u00e0 30, avec une moyenne de quatre patients par jour et un total de deux d\u00e9c\u00e8s.<\/p>\n<p>Joe Phaahla a indiqu\u00e9 que Tshwane \u00e9tait l\u2019\u00e9picentre actuel de l\u2019\u00e9pid\u00e9mie apr\u00e8s que des cas ont \u00e9t\u00e9 identifi\u00e9s \u00e0 Johannesburg et Ekhuruleni, ainsi qu\u2019\u00e0 Vredefort et Parys dans Free State. Il a ajout\u00e9 qu\u2019il y avait 99 cas \u00e0 Tshwane et sept cas ont \u00e9t\u00e9 signal\u00e9s au cours des derni\u00e8res 24 heures.<\/p>\n<p>Les cas de chol\u00e9ra confirm\u00e9s en laboratoire sont r\u00e9partis dans trois provinces, \u00e0 savoir Limpopo, Free State, anciennement l\u2019\u00c9tat libre d\u2019Orange, et Gauteng. \u00ab Nous sommes convaincus qu\u2019elle [l\u2019\u00e9pid\u00e9mie] sera contenue \u00bb, a-t-il soulign\u00e9.<\/p>\n<p>\u00c9voquant l\u2019origine de l\u2019\u00e9pid\u00e9mie, le ministre a expliqu\u00e9 qu\u2019elle ne pouvait pas encore \u00eatre li\u00e9e \u00e0 l\u2019eau. \u00ab Il est facile de dire que la source se trouve dans l\u2019eau, mais l\u2019enqu\u00eate pourrait r\u00e9v\u00e9ler une autre source \u00bb, a-t-il d\u00e9clar\u00e9.<\/p>\n<p>Les autorit\u00e9s sanitaires ont invit\u00e9 les habitants \u00e0 se rendre au centre de sant\u00e9 le plus proche lorsqu\u2019ils pr\u00e9sentent des diarrh\u00e9es, des naus\u00e9es, des vomissements, des crampes d\u2019estomac et des sympt\u00f4mes de d\u00e9shydratation.<\/p>\n<p>Avec dpa-news<\/p>\n","protected":false},"excerpt":{"rendered":"<p>Les cas de chol\u00e9ra confirm\u00e9s en laboratoire sont r\u00e9partis dans trois provinces d&rsquo;Afrique du Sud. Photo: Kristin Palitza\/dpa Sant\u00e9 publique: Le chol\u00e9ra est \u00e0 la baisse en Afrique du Sud, selon le gouvernement L\u2019origine de l\u2019\u00e9pid\u00e9mie n\u2019est pas encore identifi\u00e9e d\u2019apr\u00e8s le ministre de la Sant\u00e9 qui \u00e9carte pour l\u2019instant une contamination hydrique. \u00ab La [&hellip;]<\/p>\n","protected":false},"author":2,"featured_media":21449,"comment_status":"closed","ping_status":"closed","sticky":false,"template":"","format":"standard","meta":{"footnotes":""},"categories":[59],"tags":[],"class_list":{"0":"post-21448","1":"post","2":"type-post","3":"status-publish","4":"format-standard","5":"has-post-thumbnail","7":"category-sante"},"_links":{"self":[{"href":"https:\/\/conakrynews.org\/index.php\/wp-json\/wp\/v2\/posts\/21448","targetHints":{"allow":["GET"]}}],"collection":[{"href":"https:\/\/conakrynews.org\/index.php\/wp-json\/wp\/v2\/posts"}],"about":[{"href":"https:\/\/conakrynews.org\/index.php\/wp-json\/wp\/v2\/types\/post"}],"author":[{"embeddable":true,"href":"https:\/\/conakrynews.org\/index.php\/wp-json\/wp\/v2\/users\/2"}],"replies":[{"embeddable":true,"href":"https:\/\/conakrynews.org\/index.php\/wp-json\/wp\/v2\/comments?post=21448"}],"version-history":[{"count":0,"href":"https:\/\/conakrynews.org\/index.php\/wp-json\/wp\/v2\/posts\/21448\/revisions"}],"wp:featuredmedia":[{"embeddable":true,"href":"https:\/\/conakrynews.org\/index.php\/wp-json\/wp\/v2\/media\/21449"}],"wp:attachment":[{"href":"https:\/\/conakrynews.org\/index.php\/wp-json\/wp\/v2\/media?parent=21448"}],"wp:term":[{"taxonomy":"category","embeddable":true,"href":"https:\/\/conakrynews.org\/index.php\/wp-json\/wp\/v2\/categories?post=21448"},{"taxonomy":"post_tag","embeddable":true,"href":"https:\/\/conakrynews.org\/index.php\/wp-json\/wp\/v2\/tags?post=21448"}],"curies":[{"name":"wp","href":"https:\/\/api.w.org\/{rel}","templated":true}]}}