{"id":21451,"date":"2023-06-13T11:15:14","date_gmt":"2023-06-13T11:15:14","guid":{"rendered":"https:\/\/conakrynews.org\/?p=21451"},"modified":"2023-06-13T11:15:14","modified_gmt":"2023-06-13T11:15:14","slug":"guinee-les-ongs-de-defense-des-personnes-atteintes-de-lalbinisme-annoncent-les-coleres-de-la-journee-internationale-de-sensibilisation-a-lalbinisme","status":"publish","type":"post","link":"https:\/\/conakrynews.org\/index.php\/guinee-les-ongs-de-defense-des-personnes-atteintes-de-lalbinisme-annoncent-les-coleres-de-la-journee-internationale-de-sensibilisation-a-lalbinisme\/","title":{"rendered":"Guin\u00e9e: les ONGS de d\u00e9fense des personnes atteintes de l\u2019albinisme annoncent les col\u00e8res de la journ\u00e9e internationale de sensibilisation \u00e0 l\u2019albinisme"},"content":{"rendered":"<p>Les ONGS de d\u00e9fense des personnes atteintes de l\u2019albinisme ont anim\u00e9 ce lundi 12 juin 2023 une conf\u00e9rence de presse pour annoncer les couleurs de la c\u00e9l\u00e9bration de la journ\u00e9e internationale de sensibilisation \u00e0 l\u2019albinisme pr\u00e9vue demain mardi 13 juin prochain au palais du peuple  et au stade de 28 septembre.<br \/>\nEn Guin\u00e9e, cette journ\u00e9e sera c\u00e9l\u00e9br\u00e9e autour du th\u00e8me \u00ab situation sociale des personnes atteintes de l\u2019albinisme ; soins et maladies de la peau \u00bb.<br \/>\nDans sa communication, le coordonnateur national des ONGS de d\u00e9fense des personnes atteintes de l\u2019albinisme, Docteur Morlaye Camara a soulign\u00e9 que cette journ\u00e9e internationale des droits de l\u2019albinisme sera c\u00e9l\u00e9br\u00e9e en Guin\u00e9e au palais du peuple  et au stade de 28 septembre. \u00ab Nous esp\u00e9rons que les Guin\u00e9ens vont comprendre et soutenir notre ONG. Il faut que les gens chassent que personne n\u2019est \u00e0 l\u2019abri au l\u2019albinisme ,moi que voyez ma maman a la peau noire et je suis la seule personne albinos dans ma famille \u00bb .<br \/>\nPlus loin,  il a lanc\u00e9 un appel \u00e0 toutes les personnes de bonne volont\u00e9 de les soutenir afin qu\u2019ils soient \u00e9loign\u00e9s de la mendicit\u00e9 dans les rues.<br \/>\n\u00ab Nous implorons \u00e0 Madame la Ministre  de la promotion f\u00e9minine, de l\u2019enfance et des personnes vuln\u00e9rables de nous appuyer  financi\u00e8rement et moralement  \u00bb a conclu l&rsquo;orateur.<\/p>\n<p>Guineequotidien <\/p>\n","protected":false},"excerpt":{"rendered":"<p>Les ONGS de d\u00e9fense des personnes atteintes de l\u2019albinisme ont anim\u00e9 ce lundi 12 juin 2023 une conf\u00e9rence de presse pour annoncer les couleurs de la c\u00e9l\u00e9bration de la journ\u00e9e internationale de sensibilisation \u00e0 l\u2019albinisme pr\u00e9vue demain mardi 13 juin prochain au palais du peuple et au stade de 28 septembre. En Guin\u00e9e, cette journ\u00e9e [&hellip;]<\/p>\n","protected":false},"author":2,"featured_media":21452,"comment_status":"closed","ping_status":"closed","sticky":false,"template":"","format":"standard","meta":{"footnotes":""},"categories":[58],"tags":[],"class_list":{"0":"post-21451","1":"post","2":"type-post","3":"status-publish","4":"format-standard","5":"has-post-thumbnail","7":"category-societe"},"_links":{"self":[{"href":"https:\/\/conakrynews.org\/index.php\/wp-json\/wp\/v2\/posts\/21451","targetHints":{"allow":["GET"]}}],"collection":[{"href":"https:\/\/conakrynews.org\/index.php\/wp-json\/wp\/v2\/posts"}],"about":[{"href":"https:\/\/conakrynews.org\/index.php\/wp-json\/wp\/v2\/types\/post"}],"author":[{"embeddable":true,"href":"https:\/\/conakrynews.org\/index.php\/wp-json\/wp\/v2\/users\/2"}],"replies":[{"embeddable":true,"href":"https:\/\/conakrynews.org\/index.php\/wp-json\/wp\/v2\/comments?post=21451"}],"version-history":[{"count":0,"href":"https:\/\/conakrynews.org\/index.php\/wp-json\/wp\/v2\/posts\/21451\/revisions"}],"wp:featuredmedia":[{"embeddable":true,"href":"https:\/\/conakrynews.org\/index.php\/wp-json\/wp\/v2\/media\/21452"}],"wp:attachment":[{"href":"https:\/\/conakrynews.org\/index.php\/wp-json\/wp\/v2\/media?parent=21451"}],"wp:term":[{"taxonomy":"category","embeddable":true,"href":"https:\/\/conakrynews.org\/index.php\/wp-json\/wp\/v2\/categories?post=21451"},{"taxonomy":"post_tag","embeddable":true,"href":"https:\/\/conakrynews.org\/index.php\/wp-json\/wp\/v2\/tags?post=21451"}],"curies":[{"name":"wp","href":"https:\/\/api.w.org\/{rel}","templated":true}]}}