{"id":2151,"date":"2018-04-25T10:39:18","date_gmt":"2018-04-25T08:39:18","guid":{"rendered":"https:\/\/conakrynews.org\/?p=2151"},"modified":"2018-04-25T11:05:41","modified_gmt":"2018-04-25T09:05:41","slug":"conakry-tenue-de-lassemblee-generale-pays-membres-de-plateforme-regulations-de-laudiovisuel-de-luemoa","status":"publish","type":"post","link":"https:\/\/conakrynews.org\/index.php\/conakry-tenue-de-lassemblee-generale-pays-membres-de-plateforme-regulations-de-laudiovisuel-de-luemoa\/","title":{"rendered":"Conakry : Tenue de l\u2019Assembl\u00e9e  G\u00e9n\u00e9rale des  Pays-Membres de la Plateforme des R\u00e9gulateurs  de L\u2019Audiovisuel de l\u2019UEMOA"},"content":{"rendered":"<p><strong><em><img loading=\"lazy\" decoding=\"async\" class=\"alignnone size-medium wp-image-2155\" src=\"https:\/\/conakrynews.org\/wp-content\/uploads\/2018\/04\/hac-500x375.jpg\" alt=\"\" width=\"500\" height=\"375\" srcset=\"https:\/\/conakrynews.org\/wp-content\/uploads\/2018\/04\/hac-500x375.jpg 500w, https:\/\/conakrynews.org\/wp-content\/uploads\/2018\/04\/hac-768x576.jpg 768w, https:\/\/conakrynews.org\/wp-content\/uploads\/2018\/04\/hac.jpg 960w\" sizes=\"auto, (max-width: 500px) 100vw, 500px\" \/>L\u2019Assembl\u00e9e G\u00e9n\u00e9rale des Pays-Membres de la Plateforme des R\u00e9gulateurs de l\u2019Audiovisuel de l\u2019Union Economique et Mon\u00e9taire Ouest-Africaine l\u2019UEMOA et de la Guin\u00e9e s\u2019est ouverte \u00a0ce mardi, 24 avril 2018 dans un r\u00e9ceptif h\u00f4telier de la place. Cette importante\u00a0 rencontre\u00a0 a connu la pr\u00e9sence des pr\u00e9sidents\u00a0\u00a0des Institutions R\u00e9publicaines, les professionnels des m\u00e9dias venus du S\u00e9n\u00e9gal, du Mali, du Burkina Faso du Benin et de la Guin\u00e9e et les cadres de la Haute Autorit\u00e9 de la Communication<\/em><\/strong><strong>.<\/strong><\/p>\n<p>Durant les deux jours de travaux, les participants auront \u00e0 valider le proc\u00e8s-verbal de la 5<sup>\u00e8me<\/sup>\u00a0conf\u00e9rence, \u00e0 pr\u00e9senter les\u00a0\u00a0bilans pays, \u00e0 examiner les plans op\u00e9rationnels 2017 -2020 en vue de valider les activit\u00e9s retenues.<\/p>\n<p>Dans son intervention, la pr\u00e9sidente de la Haute Autorit\u00e9 de la Communication Martine\u00a0\u00a0Cond\u00e9 a fait savoir que\u00a0la plateforme \u00a0est un cadre de coop\u00e9ration et de partage d\u2019une importance \u00a0capitale dans un monde o\u00f9, des\u00a0\u00a0d\u00e9fis nouveaux apparaissent chaque jour\u00a0\u00abLe d\u00e9veloppement des technologies num\u00e9riques contenu de transformer profond\u00e9ment le secteur des m\u00e9dias et de la communication en g\u00e9n\u00e9ral, cr\u00e9ant des d\u00e9fis nombreux, notamment\u00a0\u00a0en mati\u00e8re de r\u00e9gulation .Pour\u00a0\u00a0y faire face, aucun pays ni\u00a0\u00a0aucune instance de r\u00e9gulation ne peut agir seul avec succ\u00e8s\u00a0\u00bb, a telle pr\u00e9cis\u00e9.<\/p>\n<p>&nbsp;<\/p>\n<p>&nbsp;<\/p>\n<p>Poursuivant sa communication, Mme cond\u00e9 \u00a0a\u00a0 expliqu\u00e9 :\u00a0\u00ab\u00a0 la mise en place des cadres de coop\u00e9ration et d\u2019\u00e9change dynamique s\u2019impose. Dans la Sous-r\u00e9gion Ouest Africaine, la plateforme des r\u00e9gulateurs de l\u2019audiovisuel de l\u2019OEMOA et de la Guin\u00e9e r\u00e9pond \u00e0 cet imp\u00e9ratif.\u00a0Notre plateforme est une parfaite illustration d\u2019int\u00e9gration sous-r\u00e9gionale. Une volont\u00e9 des nos institutions de r\u00e9gulation de f\u00e9d\u00e9rer leurs\u00a0\u00a0actions et initiatives pour relever les multiples d\u00e9fis auxquels nos pays sont confront\u00e9s \u00ab, a telle expliqu\u00e9<\/p>\n<p>&nbsp;<\/p>\n<p>&nbsp;<\/p>\n<p>&nbsp;<\/p>\n<p>&nbsp;<\/p>\n<p>Pour terminer, Martine\u00a0 a dit\u00a0:\u00a0\u00ab\u00a0vu des enjeux de r\u00e9gulation \u00e0 l\u2019\u00e8re du num\u00e9rique, nous devons \u0153uvrer sans rel\u00e2che au renforcement des capacit\u00e9s op\u00e9rationnelles de notre plateforme. En son sein, nous arriverons\u00a0\u00a0\u00e0 trouver les strat\u00e9gies ad\u00e9quates pour mieux r\u00e9guler les m\u00e9dias et prot\u00e9ger la libert\u00e9 de la presse. Nous devons viser \u00e0 en faire un r\u00e9seau de r\u00e9f\u00e9rence en mati\u00e8re de r\u00e9gulation sur le continent\u00a0\u00bb.<\/p>\n<p>&nbsp;<\/p>\n<p>Pour sa part, le Minist\u00e8re Conseill\u00e9 Charg\u00e9 des Relations avec Institutions El hadj Mohamed Lamine fofana\u00a0: \u00ab\u00a0au moment o\u00f9 les technologies continuent d\u2019apporter les changements majeurs dans le secteur des m\u00e9dias, le r\u00f4le de l\u2019instance de r\u00e9gulation s\u2019av\u00e8re plus que jamais indispensable\u00a0\u00bb.<\/p>\n<p><strong>Oumar Konate\u00a0 pour www.conakrynews.org<\/strong><\/p>\n<p>&nbsp;<\/p>\n<p>&nbsp;<\/p>\n<p>&nbsp;<\/p>\n","protected":false},"excerpt":{"rendered":"<p>L\u2019Assembl\u00e9e G\u00e9n\u00e9rale des Pays-Membres de la Plateforme des R\u00e9gulateurs de l\u2019Audiovisuel de l\u2019Union Economique et Mon\u00e9taire Ouest-Africaine l\u2019UEMOA et de la Guin\u00e9e s\u2019est ouverte \u00a0ce mardi, 24 avril 2018 dans un r\u00e9ceptif h\u00f4telier de la place. Cette importante\u00a0 rencontre\u00a0 a connu la pr\u00e9sence des pr\u00e9sidents\u00a0\u00a0des Institutions R\u00e9publicaines, les professionnels des m\u00e9dias venus du S\u00e9n\u00e9gal, du [&hellip;]<\/p>\n","protected":false},"author":2,"featured_media":2155,"comment_status":"open","ping_status":"open","sticky":false,"template":"","format":"image","meta":{"footnotes":""},"categories":[58],"tags":[],"class_list":{"0":"post-2151","1":"post","2":"type-post","3":"status-publish","4":"format-image","5":"has-post-thumbnail","7":"category-societe","8":"post_format-post-format-image"},"_links":{"self":[{"href":"https:\/\/conakrynews.org\/index.php\/wp-json\/wp\/v2\/posts\/2151","targetHints":{"allow":["GET"]}}],"collection":[{"href":"https:\/\/conakrynews.org\/index.php\/wp-json\/wp\/v2\/posts"}],"about":[{"href":"https:\/\/conakrynews.org\/index.php\/wp-json\/wp\/v2\/types\/post"}],"author":[{"embeddable":true,"href":"https:\/\/conakrynews.org\/index.php\/wp-json\/wp\/v2\/users\/2"}],"replies":[{"embeddable":true,"href":"https:\/\/conakrynews.org\/index.php\/wp-json\/wp\/v2\/comments?post=2151"}],"version-history":[{"count":0,"href":"https:\/\/conakrynews.org\/index.php\/wp-json\/wp\/v2\/posts\/2151\/revisions"}],"wp:featuredmedia":[{"embeddable":true,"href":"https:\/\/conakrynews.org\/index.php\/wp-json\/wp\/v2\/media\/2155"}],"wp:attachment":[{"href":"https:\/\/conakrynews.org\/index.php\/wp-json\/wp\/v2\/media?parent=2151"}],"wp:term":[{"taxonomy":"category","embeddable":true,"href":"https:\/\/conakrynews.org\/index.php\/wp-json\/wp\/v2\/categories?post=2151"},{"taxonomy":"post_tag","embeddable":true,"href":"https:\/\/conakrynews.org\/index.php\/wp-json\/wp\/v2\/tags?post=2151"}],"curies":[{"name":"wp","href":"https:\/\/api.w.org\/{rel}","templated":true}]}}