{"id":2174,"date":"2018-04-27T18:13:14","date_gmt":"2018-04-27T16:13:14","guid":{"rendered":"https:\/\/conakrynews.org\/?p=2174"},"modified":"2018-04-27T18:13:14","modified_gmt":"2018-04-27T16:13:14","slug":"journee-mondiale-de-liberte-de-presse-justice-medias-citoyens-contrepoids-pouvoir-guinee-opinion","status":"publish","type":"post","link":"https:\/\/conakrynews.org\/index.php\/journee-mondiale-de-liberte-de-presse-justice-medias-citoyens-contrepoids-pouvoir-guinee-opinion\/","title":{"rendered":"Journ\u00e9e mondiale de la libert\u00e9 de la presse : justice, m\u00e9dias et Citoyens sont-ils des contrepoids du pouvoir en Guin\u00e9e? (Opinion)"},"content":{"rendered":"<p><strong>Les professionnels de l\u2019information du monde et leurs partenaires bilat\u00e9raux et multilat\u00e9raux, c\u00e9l\u00e8brent \u00a0le 3 mai de chaque ann\u00e9e la journ\u00e9e internationale de la libert\u00e9 de la presse.<\/strong><\/p>\n<p><strong>Ils \u00a0mettent cette journ\u00e9e \u00e0 profit en vue de jauger le niveau d\u2019ancrage juridique et institutionnel de la libert\u00e9 de la presse \u00a0dans le seul but de proc\u00e9der \u00e0 des r\u00e9ajustements si n\u00e9cessaires quant \u00e0 la protection de la libert\u00e9 de la presse et d\u2019expression dans le monde.<\/strong><\/p>\n<p>Le th\u00e8me retenu pour cette ann\u00e9e \u00a02018 est \u2018\u2019<em>Media, Justice et Etat de droit, les Contrepoids du pouvoir\u2019\u2019<\/em>. \u00a0Ce th\u00e8me est assez \u00e9vocateur de l\u2019ampleur et de la profondeur de la t\u00e2che des professionnels de l\u2019information du monde dans la promotion et la d\u00e9fense de la d\u00e9mocratie et de l\u2019Etat de droit. \u00a0\u00a0Mais qu\u2019en est-il en Guin\u00e9e, au regard de la port\u00e9e de cette trilogie\u00a0?<\/p>\n<p>Certes, \u00a0aucun journaliste n\u2019est en prison en Guin\u00e9e, \u00a0aucun journaliste, m\u00eame le plus maladroit, n\u2019est encore inqui\u00e9t\u00e9, ni emprisonn\u00e9, b\u00e9n\u00e9ficie m\u00eame \u00a0de la cl\u00e9mence des pouvoirs publics et du secteur priv\u00e9. M\u00eame quand ces derniers sont injustement mis en cause dans certains dossiers. \u00a0Cependant, la pr\u00e9carit\u00e9, dans laquelle baignent ces entreprises de presse, les rend vuln\u00e9rables en les transformant en des proies faciles pour les pr\u00e9dateurs de la libert\u00e9 de la presse, notamment les cadres corrompus et op\u00e9rateurs \u00e9conomiques ind\u00e9licats.<\/p>\n<p>Ainsi cet environnement ne contribue \u00e0 l\u2019\u00e9mergence d\u2019entreprises de presse \u00e9conomiquement et financi\u00e8rement viables\u00a0 \u00a0tout en fragilisant leur r\u00f4le de sentinelle de la d\u00e9mocratie et de l\u2019Etat de droit. Cet environnement est divers et vari\u00e9 suivant la diversit\u00e9 du secteur de l\u2019information du pays.<\/p>\n<p>Par exemple, la presse \u00e9crite est confront\u00e9e \u00a0au manque de messagerie de la presse, d\u2019imprimerie, souffre de la chert\u00e9 des intrants entrant dans la fabrication du journal, du manque d\u2019annonceurs \u00a0ainsi que de\u00a0 l\u2019arriv\u00e9e massive de jeunes journalistes fraichement sortis des universit\u00e9s publiques, priv\u00e9es et de journalistes peu responsables et corrompus, prosa\u00efquement appel\u00e9s journalistes alimentaires..<\/p>\n<p>Quant \u00e0 l\u2019audiovisuel priv\u00e9\u00a0; en plus de ces maux suscit\u00e9s, il ploie sous le poids du laxisme des acteurs de ce secteur et de \u00a0\u00a0\u00a0la frivolit\u00e9 du cadre r\u00e9glementaire r\u00e9gissant le domaine, sur fond de concurrence d\u00e9loyale longtemps, rest\u00e9e impunie,.<\/p>\n<p>L\u2019explosion de sites \u00a0internet d\u2019informations g\u00e9n\u00e9rales, \u00a0empire cette situation, loin d\u2019\u00eatre reluisante.<\/p>\n<p>Quant \u00e0 la justice, \u00a0elle se d\u00e9bat dans d\u2019inextricables difficult\u00e9s li\u00e9es \u00e0 \u00a0l\u2019inad\u00e9quation entre les besoins du secteur et les ressources disponibles.<\/p>\n<p>Certes, l\u2019Etat et son partenaire bilat\u00e9ral en l\u2019occurrence l\u2019Union Europ\u00e9enne, \u00a0\u00e0 travers le Projet d\u2019Appui \u00e0 la Reforme de la Justice (PARJU), ont am\u00e9lior\u00e9 les conditions de vie et de travail des magistrats. Mais le manque d\u2019audace \u00a0du pouvoir judiciaire dans la prise d\u2019initiative dans le strict respect de la Constitution et des Lois du pays, compromet dangereusement, l\u2019efficacit\u00e9 des acteurs de cette institution.<\/p>\n<p>De m\u00eame la structuration des partis politiques sur la \u00a0base r\u00e9gionaliste et ethnique fausse leur r\u00f4le d\u2019acteurs majeurs dans la structuration et la professionnalisation du d\u00e9bat politique, d\u00e9brid\u00e9 par \u00a0la m\u00e9connaissance de la Constitution et des Lois du pays par les responsables de ces formations politiques de m\u00eame que les citoyens par le manque d\u2019\u00e9ducation civique au sein des \u00e9tats major de ces partis politiques.<\/p>\n<p>La soci\u00e9t\u00e9 civile guin\u00e9enne\u00a0; quant \u00e0 elle, elle \u00a0est englu\u00e9e dans ses dissensions internes, effluves de conflits d\u2019int\u00e9r\u00eat, loin des pr\u00e9occupations des citoyens devenus \u00a0amn\u00e9siques.<\/p>\n<p>Rien de cela n\u2019aurait \u00e9t\u00e9 possible sans la faiblesse des instances de l\u2019Etat qui \u00a0est le terreau fertile \u00e0 l\u2019effritement de ces contrepoids du pouvoir, car comme le rappelait le G\u00e9n\u00e9ral Charles De gaule \u2018\u2019\u00a0<strong>la faiblesse de l\u2019Etat est une menace pour la stabilit\u00e9 et l\u2019unit\u00e9 du pays<\/strong>\u2019\u2019.<\/p>\n<p>Au regard du postulat suscit\u00e9, \u00a0les efforts louables du Gouvernement et de ses divers partenaires au d\u00e9veloppement ont \u00e9t\u00e9 consentis pour hisser notre pays au diapason des pays \u00e9pris de paix, de justice et prosp\u00e8re, mais la violation r\u00e9currente de la Constitution, des Lois, des Pactes et Trait\u00e9s internationaux dont notre pays est Etat partie \u00a0par les autorit\u00e9s de la troisi\u00e8me de la R\u00e9publique, les acteurs politiques et sociaux du pays, an\u00e9mie la D\u00e9mocratie et l\u2019Etat de droit en Guin\u00e9e.<\/p>\n<p>Par cons\u00e9quent, en Guin\u00e9e, aucun pouvoir n\u2019arr\u00eate l\u2019autre. Souvent l\u2019ex\u00e9cutif et le l\u00e9gislatif se coalisent contre le pouvoir judiciaire. La mise en place du fameux comit\u00e9 de suivi en est l\u2019illustration la plus parfaite. Alors que les Lois ne devraient pas \u00eatre la toile d\u2019Araign\u00e9e qui n\u2019arr\u00eaterait que les faibles comme le conseillait Socrate, philosophe grec de l\u2019Antiquit\u00e9. En tout \u00e9tat de cause, la force doit rester \u00e0 la Loi.<\/p>\n<p>La Guin\u00e9e est ainsi loin du compte, l\u2019introspection \u00a0devrait \u00eatre men\u00e9e pour que ces entit\u00e9s suscit\u00e9es jouent pleinement leur partition dans le meilleur ancrage juridique et institutionnel de la D\u00e9mocratie et de l\u2019Etat de droit, toujours en chantier en Guin\u00e9e et c\u2019est \u00e0 \u00a0juste raison que Blaise Pascal disait que \u2018\u2019<strong>l\u2019Homme, c\u2019est la pens\u00e9e\u2019\u2019.<\/strong>\u00a0\u00a0\u2018<em>\u2019Media, Justice et l\u2019Etat de droit\u2019\u2019 sont-ils les contrepoids du pouvoir en Guin\u00e9e<\/em>\u00a0?<\/p>\n<p>Avec la volont\u00e9 politique affich\u00e9e ces derniers temps par le \u00a0Pr\u00e9sident de la R\u00e9publique, la d\u00e9termination d\u2019une frange de la soci\u00e9t\u00e9 civile et la participation active du \u00a0Ministre d\u2019Etat, Ministre Conseiller Personnel du Chef de l\u2019Etat, Tibou Kamara, dans la r\u00e9solution des crises, augurent de lendemains meilleurs quant \u00e0 l\u2019atteinte de tel objectif, de voir les m\u00e9dia, la Justice et les citoyens devenir un jour \u00a0les contrepoids du pouvoir en Guin\u00e9e.<\/p>\n<p>La d\u00e9gringolade de notre pays de la 100e\u00a0\u00e0 la 104e \u00a0\u00a0place selon le dernier classement 2018 \u00a0de l\u2019ONG internationale \u2018\u2019Reporters Sans Fronti\u00e8res\u2019\u2019 sur l\u2019\u00e9tat de la libert\u00e9 de la presse dans le monde, est assez illustrative de cette triste r\u00e9alit\u00e9 et interpelle tous, d\u00e9cideurs, partenaires au d\u00e9veloppement et m\u00e9dias.<\/p>\n<p><strong><em>Moussa Iboun CONTE<\/em><\/strong><\/p>\n<p><img loading=\"lazy\" decoding=\"async\" class=\"alignnone size-medium wp-image-2175\" src=\"https:\/\/conakrynews.org\/wp-content\/uploads\/2018\/04\/iboun-515x316.jpg\" alt=\"\" width=\"515\" height=\"316\" srcset=\"https:\/\/conakrynews.org\/wp-content\/uploads\/2018\/04\/iboun-515x316.jpg 515w, https:\/\/conakrynews.org\/wp-content\/uploads\/2018\/04\/iboun-130x80.jpg 130w, https:\/\/conakrynews.org\/wp-content\/uploads\/2018\/04\/iboun.jpg 620w\" sizes=\"auto, (max-width: 515px) 100vw, 515px\" \/><\/p>\n","protected":false},"excerpt":{"rendered":"<p>Les professionnels de l\u2019information du monde et leurs partenaires bilat\u00e9raux et multilat\u00e9raux, c\u00e9l\u00e8brent \u00a0le 3 mai de chaque ann\u00e9e la journ\u00e9e internationale de la libert\u00e9 de la presse. Ils \u00a0mettent cette journ\u00e9e \u00e0 profit en vue de jauger le niveau d\u2019ancrage juridique et institutionnel de la libert\u00e9 de la presse \u00a0dans le seul but de [&hellip;]<\/p>\n","protected":false},"author":2,"featured_media":2175,"comment_status":"open","ping_status":"open","sticky":false,"template":"","format":"standard","meta":{"footnotes":""},"categories":[1],"tags":[],"class_list":{"0":"post-2174","1":"post","2":"type-post","3":"status-publish","4":"format-standard","5":"has-post-thumbnail","7":"category-non-classe"},"_links":{"self":[{"href":"https:\/\/conakrynews.org\/index.php\/wp-json\/wp\/v2\/posts\/2174","targetHints":{"allow":["GET"]}}],"collection":[{"href":"https:\/\/conakrynews.org\/index.php\/wp-json\/wp\/v2\/posts"}],"about":[{"href":"https:\/\/conakrynews.org\/index.php\/wp-json\/wp\/v2\/types\/post"}],"author":[{"embeddable":true,"href":"https:\/\/conakrynews.org\/index.php\/wp-json\/wp\/v2\/users\/2"}],"replies":[{"embeddable":true,"href":"https:\/\/conakrynews.org\/index.php\/wp-json\/wp\/v2\/comments?post=2174"}],"version-history":[{"count":0,"href":"https:\/\/conakrynews.org\/index.php\/wp-json\/wp\/v2\/posts\/2174\/revisions"}],"wp:featuredmedia":[{"embeddable":true,"href":"https:\/\/conakrynews.org\/index.php\/wp-json\/wp\/v2\/media\/2175"}],"wp:attachment":[{"href":"https:\/\/conakrynews.org\/index.php\/wp-json\/wp\/v2\/media?parent=2174"}],"wp:term":[{"taxonomy":"category","embeddable":true,"href":"https:\/\/conakrynews.org\/index.php\/wp-json\/wp\/v2\/categories?post=2174"},{"taxonomy":"post_tag","embeddable":true,"href":"https:\/\/conakrynews.org\/index.php\/wp-json\/wp\/v2\/tags?post=2174"}],"curies":[{"name":"wp","href":"https:\/\/api.w.org\/{rel}","templated":true}]}}