{"id":2187,"date":"2018-05-04T10:01:20","date_gmt":"2018-05-04T08:01:20","guid":{"rendered":"https:\/\/conakrynews.org\/?p=2187"},"modified":"2018-05-04T10:01:20","modified_gmt":"2018-05-04T08:01:20","slug":"journee-de-liberte-de-presse-alpha-conde-choque-contre-classement-de-guinee-104eme-rang-rsf","status":"publish","type":"post","link":"https:\/\/conakrynews.org\/index.php\/journee-de-liberte-de-presse-alpha-conde-choque-contre-classement-de-guinee-104eme-rang-rsf\/","title":{"rendered":"Journ\u00e9e de la libert\u00e9 de la presse : Alpha Cond\u00e9 choqu\u00e9 contre le classement de la Guin\u00e9e au 104\u00e8me rang par RSF"},"content":{"rendered":"<p>Sous le th\u00e8me\u00a0: \u2018<strong><em>\u2019M\u00e9dias, Justice\u00a0 et Etat de Droit\u00a0: les contrepoids du pouvoir\u00a0<\/em><\/strong>\u2019\u2019, la Journ\u00e9e Internationale de la Libert\u00e9 de la Presse, a \u00e9t\u00e9 c\u00e9l\u00e9br\u00e9e ce jeudi 03 mai 2018 \u00e0 travers le monde. En Guin\u00e9e, les journalistes ont partag\u00e9 \u00a0cette journ\u00e9e avec le Pr\u00e9sident de la R\u00e9publique, Pr Alpha Cond\u00e9, qui a bien r\u00e9pondu \u00e0 l\u2019appel des journalistes. \u00a0Mais, celui-ci n\u2019est pas pass\u00e9 au dos de la cuill\u00e8re, pour manifester sa col\u00e8re contre le r\u00f4le des journalistes guin\u00e9ens mais aussi, contre le classement de la Guin\u00e9e, \u00e0 la 104<sup>\u00e8me<\/sup>\u00a0place par l\u2019ONG Reporter Sans Fronti\u00e8re (RSF).\u00a0 Alors que, dans certains pays africains (S\u00e9n\u00e9gal et Mauritanie), des journalistes sont arr\u00eat\u00e9s pour l\u2019injure \u00e0 l\u2019\u00e9gard du Chef de l\u2019Etat \u00a0voire emprisonn\u00e9. Mais, tr\u00e8s malheureusement, \u00a0ces pays sont devant la Guin\u00e9e.<\/p>\n<p>Pour le Pr\u00e9sident de la Guin\u00e9e, c\u2019est \u00e9tonnant que la Guin\u00e9e soit class\u00e9 104<sup>\u00e8me,<\/sup>\u00a0quand dans certains pays africains, des journalistes sont arr\u00eat\u00e9s pour l\u2019injure \u00e0 l\u2019\u00e9gard du Chef de l\u2019Etat. Nous vous pr\u00e9sentons ici l\u2019extrait de la r\u00e9action du Chef de l\u2019Etat guin\u00e9en, \u00e0 l\u2019occasion de la Journ\u00e9e Internationale de la Libert\u00e9 de la Presse.<\/p>\n<p>\u00ab\u00a0<em>C\u2019est \u00e9tonnant que la Guin\u00e9e soit class\u00e9e 104<\/em><em><sup>\u00e8me<\/sup><\/em><em>\u00a0rang en mati\u00e8re de respect de la libert\u00e9 de la presse par Reporter Sans Fronti\u00e8re derri\u00e8re les pays comme la Mauritanie.<\/em>\u00a0<em>La Guin\u00e9e ne\u00a0 m\u00e9rite pas ce classement. Mais, est-ce que vous \u00eates levez pour d\u00e9mentir ce classement\u00a0? Nous avons enregistr\u00e9 beaucoup d\u2019efforts en mati\u00e8re de libert\u00e9 de la presse, mais vous ne montrer pas \u00e7a \u00e0 la face du monde.\u00a0Je pense que vous ne contribuez pas \u00e0 am\u00e9liorer l\u2019image de la Guin\u00e9e. J\u2019ai souvent dis que la Guin\u00e9e est victime de son pass\u00e9. Avant de parler l\u2019am\u00e9lioration de condition de vie, qu\u2019est-ce que vous avez fait pour discr\u00e9diter l\u2019image de la Guin\u00e9e\u00a0? Tous les progr\u00e8s qu\u2019on a faits depuis 2011, sont pass\u00e9s sous silence\u00a0; comme si on \u00e9tait des pays o\u00f9 on maltraitait. Aucun journaliste n\u2019a \u00e9t\u00e9 arr\u00eat\u00e9 par le gouvernement encore moins tu\u00e9. \u00a0Alors, tant que vous ne changez pas votre fa\u00e7on de faire, je n\u2019apporte aucune aide \u00e0 la presse\u2026<\/em>\u00bb, a indiqu\u00e9 Alpha Cond\u00e9, Pr\u00e9sident de la R\u00e9publique, aux recommandations de la presse guin\u00e9enne au Chef de l\u2019Etat.<\/p>\n<p>A noter que, le chef de file de l\u2019opposition, Elhadj Cellou Dalein Diallo, Pr\u00e9sident de l\u2019Union des Forces D\u00e9mocratiques de Guin\u00e9e (UFDG) ainsi que plusieurs diplomates et d\u2019invit\u00e9s de marques \u00e9taient de la partie.<\/p>\n<p><strong>\u00a0flammeguinee.com<\/strong><\/p>\n<p><img loading=\"lazy\" decoding=\"async\" class=\"alignnone size-full wp-image-2188\" src=\"https:\/\/conakrynews.org\/wp-content\/uploads\/2018\/05\/libert\u00e9-image.jpg\" alt=\"\" width=\"500\" height=\"300\" \/><\/p>\n","protected":false},"excerpt":{"rendered":"<p>Sous le th\u00e8me\u00a0: \u2018\u2019M\u00e9dias, Justice\u00a0 et Etat de Droit\u00a0: les contrepoids du pouvoir\u00a0\u2019\u2019, la Journ\u00e9e Internationale de la Libert\u00e9 de la Presse, a \u00e9t\u00e9 c\u00e9l\u00e9br\u00e9e ce jeudi 03 mai 2018 \u00e0 travers le monde. En Guin\u00e9e, les journalistes ont partag\u00e9 \u00a0cette journ\u00e9e avec le Pr\u00e9sident de la R\u00e9publique, Pr Alpha Cond\u00e9, qui a bien r\u00e9pondu [&hellip;]<\/p>\n","protected":false},"author":2,"featured_media":2188,"comment_status":"open","ping_status":"open","sticky":false,"template":"","format":"standard","meta":{"footnotes":""},"categories":[1],"tags":[],"class_list":{"0":"post-2187","1":"post","2":"type-post","3":"status-publish","4":"format-standard","5":"has-post-thumbnail","7":"category-non-classe"},"_links":{"self":[{"href":"https:\/\/conakrynews.org\/index.php\/wp-json\/wp\/v2\/posts\/2187","targetHints":{"allow":["GET"]}}],"collection":[{"href":"https:\/\/conakrynews.org\/index.php\/wp-json\/wp\/v2\/posts"}],"about":[{"href":"https:\/\/conakrynews.org\/index.php\/wp-json\/wp\/v2\/types\/post"}],"author":[{"embeddable":true,"href":"https:\/\/conakrynews.org\/index.php\/wp-json\/wp\/v2\/users\/2"}],"replies":[{"embeddable":true,"href":"https:\/\/conakrynews.org\/index.php\/wp-json\/wp\/v2\/comments?post=2187"}],"version-history":[{"count":0,"href":"https:\/\/conakrynews.org\/index.php\/wp-json\/wp\/v2\/posts\/2187\/revisions"}],"wp:featuredmedia":[{"embeddable":true,"href":"https:\/\/conakrynews.org\/index.php\/wp-json\/wp\/v2\/media\/2188"}],"wp:attachment":[{"href":"https:\/\/conakrynews.org\/index.php\/wp-json\/wp\/v2\/media?parent=2187"}],"wp:term":[{"taxonomy":"category","embeddable":true,"href":"https:\/\/conakrynews.org\/index.php\/wp-json\/wp\/v2\/categories?post=2187"},{"taxonomy":"post_tag","embeddable":true,"href":"https:\/\/conakrynews.org\/index.php\/wp-json\/wp\/v2\/tags?post=2187"}],"curies":[{"name":"wp","href":"https:\/\/api.w.org\/{rel}","templated":true}]}}