{"id":2190,"date":"2018-05-04T10:34:28","date_gmt":"2018-05-04T08:34:28","guid":{"rendered":"https:\/\/conakrynews.org\/?p=2190"},"modified":"2018-05-04T10:34:28","modified_gmt":"2018-05-04T08:34:28","slug":"discours-president-de-luplg-lors-de-journee-mondiale-de-liberte-de-presse-2018","status":"publish","type":"post","link":"https:\/\/conakrynews.org\/index.php\/discours-president-de-luplg-lors-de-journee-mondiale-de-liberte-de-presse-2018\/","title":{"rendered":"DISCOURS DU PRESIDENT DE L\u2019UPLG LORS DE LA JOURNEE MONDIALE DE LA LIBERTE DE LA PRESSE 2018"},"content":{"rendered":"<p>Mesdames, Messieurs\u00a0 de la presse<\/p>\n<p>Le 3 mai de chaque ann\u00e9e, la Journ\u00e9e mondiale de la libert\u00e9 de la presse permet de c\u00e9l\u00e9brer les principes fondamentaux de la libert\u00e9 de la presse, d\u2019\u00e9valuer la libert\u00e9 de la presse \u00e0 travers le monde, de d\u00e9fendre l\u2019ind\u00e9pendance des m\u00e9dias et de rendre hommage aux journalistes qui ont perdu leur vie dans l\u2019exercice de leur profession.<\/p>\n<p>C\u2019est une journ\u00e9e de rappel, qui permet de rappeler aux Etats le respect des engagements qu\u2019ils ont pris envers la libert\u00e9 de la presse. Une journ\u00e9e d\u2019alerte, pour alerter \u00a0le public et accro\u00eetre la sensibilisation \u00e0 la cause de la libert\u00e9 de la presse.<\/p>\n<p>Pour cette ann\u00e9e 2018, l\u2019UNESCO a plac\u00e9 cette journ\u00e9e sous le th\u00e8me : \u00ab\u00a0<strong><em>Medias, Justice et Etat de droit\u00a0: les contrepoids du pouvoir.<\/em><\/strong>\u00a0\u00bb A l\u2019heure o\u00f9 dans plusieurs endroits du monde, la presse est encore musel\u00e9e et les journalistes risquent quotidiennement leur vie, il est en effet important qu\u2019il soit donn\u00e9 du souffle au journalisme, aussi bien en ce qui concerne le cadre l\u00e9gal et institutionnel dans lequel il s\u2019exerce, mais \u00e9galement relativement aux conditions mat\u00e9rielles des professionnels des m\u00e9dias. Le journalisme ne peut prosp\u00e9rer que dans un environnement lib\u00e9ral et sans contraintes.<\/p>\n<p>Il suffit d\u2019imaginer un monde \u00ab\u00a0sans presse\u00a0\u00bb ou de regarder ce qu\u2019il se passe dans de nombreux pays o\u00f9 les plumes sont verrouill\u00e9es pour reprendre conscience de l\u2019\u00e9vidente utilit\u00e9 de nos m\u00e9tiers. Une mani\u00e8re de se comparer pour se consoler.<\/p>\n<p>Mais cela ne saurait nous exon\u00e9rer d\u2019une remise en questions. Pourquoi suscitons-nous tant de scepticisme dans la population en g\u00e9n\u00e9ral\u00a0? Pourquoi de plus en plus de nos citoyens mettent-ils dans le m\u00eame sac \u00ab\u00a0news\u00a0\u00bb et \u00ab\u00a0fake news\u00a0\u00bb<\/p>\n<p>Aujourd\u2019hui la diff\u00e9rence entre une information v\u00e9rifi\u00e9e et une fumisterie n\u2019est plus une \u00e9vidence. Alors il nous revient plus que jamais de nous battre pour le journalisme. Pour cela, nous devons, \u00e0 chaque instant, nous rappeler que l\u2019utilit\u00e9 ne se d\u00e9cr\u00e8te pas mais se gagne. Non, il ne suffit pas de brandir notre carte de presse tel un \u00e9tendard pour \u00eatre cr\u00e9dibles. Sachons douter. Sachons penser contre nous-m\u00eames. Sachons dire clairement ce que nous ne savons pas pour affirmer plus fort ce que nous savons.<\/p>\n<p>L\u2019Union de la Presse Libre de Guin\u00e9e (UPLG) \u00a0regrette l\u2019\u00e9tat g\u00e9n\u00e9ral de la libert\u00e9 de la presse en Guin\u00e9e qui reste moins satisfaisant, en d\u00e9pit de quelques efforts. D\u2019ailleurs cette ann\u00e9e dans le classement mondial de la libert\u00e9 de la presse par Reporter Sans Fronti\u00e8re, la Guin\u00e9e a recul\u00e9 de trois (03) points.<\/p>\n<p>L\u2019Union de la Presse Libre de Guin\u00e9e lance un appel aux autorit\u00e9s ainsi qu\u2019aux institutions qui accompagnent traditionnellement la presse pour \u00a0l\u2019am\u00e9lioration de ce classement, ainsi que la mise \u00e0 la disposition de celle-ci davantage de ressources et de moyens, pour qu\u2019elle gagne le pari de la professionnalisation.<\/p>\n<p>C\u2019est pourquoi, l\u2019UPLG compte organiser le 9 mai prochain, une table ronde regroupant les hommes de medias, la soci\u00e9t\u00e9 civile, les d\u00e9cideurs politiques et les repr\u00e9sentants des institutions internationales accr\u00e9dit\u00e9s en Guin\u00e9e pour r\u00e9fl\u00e9chir sur le th\u00e8me\u00a0:\u00a0<strong><em>Classement mondial de la libert\u00e9 de la presse 2018 par RSF\u00a0: recul de la Guin\u00e9e, analyse et recommandations.<\/em><\/strong><\/p>\n<p>L\u2019Union de la Presse Libre de Guin\u00e9e \u00a0s\u2019incline devant la m\u00e9moire de tous les confr\u00e8res qui ont perdu leur vie dans l\u2019exercice du m\u00e9tier et en appelle \u00e0 la tol\u00e9rance z\u00e9ro vis-\u00e0-vis de toutes sortes de pr\u00e9dateurs de la libert\u00e9 de la presse dans le monde.<\/p>\n<p><strong>Ibrahima KONE, Pr\u00e9sident de l\u2019UPLG<\/strong><\/p>\n<p>&nbsp;<\/p>\n<p><img loading=\"lazy\" decoding=\"async\" class=\"alignnone size-medium wp-image-2191\" src=\"https:\/\/conakrynews.org\/wp-content\/uploads\/2018\/05\/kone-640x480-500x375.jpg\" alt=\"\" width=\"500\" height=\"375\" srcset=\"https:\/\/conakrynews.org\/wp-content\/uploads\/2018\/05\/kone-640x480-500x375.jpg 500w, https:\/\/conakrynews.org\/wp-content\/uploads\/2018\/05\/kone-640x480.jpg 640w\" sizes=\"auto, (max-width: 500px) 100vw, 500px\" \/><\/p>\n","protected":false},"excerpt":{"rendered":"<p>Mesdames, Messieurs\u00a0 de la presse Le 3 mai de chaque ann\u00e9e, la Journ\u00e9e mondiale de la libert\u00e9 de la presse permet de c\u00e9l\u00e9brer les principes fondamentaux de la libert\u00e9 de la presse, d\u2019\u00e9valuer la libert\u00e9 de la presse \u00e0 travers le monde, de d\u00e9fendre l\u2019ind\u00e9pendance des m\u00e9dias et de rendre hommage aux journalistes qui ont [&hellip;]<\/p>\n","protected":false},"author":2,"featured_media":2192,"comment_status":"open","ping_status":"open","sticky":false,"template":"","format":"standard","meta":{"footnotes":""},"categories":[1],"tags":[],"class_list":{"0":"post-2190","1":"post","2":"type-post","3":"status-publish","4":"format-standard","5":"has-post-thumbnail","7":"category-non-classe"},"_links":{"self":[{"href":"https:\/\/conakrynews.org\/index.php\/wp-json\/wp\/v2\/posts\/2190","targetHints":{"allow":["GET"]}}],"collection":[{"href":"https:\/\/conakrynews.org\/index.php\/wp-json\/wp\/v2\/posts"}],"about":[{"href":"https:\/\/conakrynews.org\/index.php\/wp-json\/wp\/v2\/types\/post"}],"author":[{"embeddable":true,"href":"https:\/\/conakrynews.org\/index.php\/wp-json\/wp\/v2\/users\/2"}],"replies":[{"embeddable":true,"href":"https:\/\/conakrynews.org\/index.php\/wp-json\/wp\/v2\/comments?post=2190"}],"version-history":[{"count":0,"href":"https:\/\/conakrynews.org\/index.php\/wp-json\/wp\/v2\/posts\/2190\/revisions"}],"wp:featuredmedia":[{"embeddable":true,"href":"https:\/\/conakrynews.org\/index.php\/wp-json\/wp\/v2\/media\/2192"}],"wp:attachment":[{"href":"https:\/\/conakrynews.org\/index.php\/wp-json\/wp\/v2\/media?parent=2190"}],"wp:term":[{"taxonomy":"category","embeddable":true,"href":"https:\/\/conakrynews.org\/index.php\/wp-json\/wp\/v2\/categories?post=2190"},{"taxonomy":"post_tag","embeddable":true,"href":"https:\/\/conakrynews.org\/index.php\/wp-json\/wp\/v2\/tags?post=2190"}],"curies":[{"name":"wp","href":"https:\/\/api.w.org\/{rel}","templated":true}]}}