{"id":21902,"date":"2023-07-05T12:21:12","date_gmt":"2023-07-05T12:21:12","guid":{"rendered":"https:\/\/conakrynews.org\/?p=21902"},"modified":"2023-07-05T12:21:12","modified_gmt":"2023-07-05T12:21:12","slug":"guinee-dialogue-tenue-de-la-4eme-session-du-comite-national-permanent-du-suivi-des-resolutions","status":"publish","type":"post","link":"https:\/\/conakrynews.org\/index.php\/guinee-dialogue-tenue-de-la-4eme-session-du-comite-national-permanent-du-suivi-des-resolutions\/","title":{"rendered":"Guin\u00e9e\/Dialogue: Tenue de la 4eme session du Comit\u00e9 National Permanent du suivi des R\u00e9solutions"},"content":{"rendered":"<p>Le Premier ministre, Chef du Gouvernement accompagn\u00e9 des trois facilitatrices, a pr\u00e9sid\u00e9 au Palais de la Colombe, la 4\u00e8me session du Comit\u00e9 national permanent charg\u00e9 du suivi des r\u00e9solutions du dialogue.<\/p>\n<p>Pour Dr Makal\u00e9 Traor\u00e9, l\u2019objectif de cette 4\u00e8me session du comit\u00e9 national permanent charg\u00e9 du suivi des r\u00e9solutions du dialogue, est d\u2019examiner le rapport synth\u00e8se des \u00e9quipes techniques plac\u00e9es aupr\u00e8s des minist\u00e8res de l\u2019Administration du Territoire, des Affaires Etrang\u00e8res, du Plan et de la Coop\u00e9ration, de la Justice, de la S\u00e9curit\u00e9 et du CNT. Ensuite, identifier les domaines qui n\u00e9cessitent une am\u00e9lioration. Ces domaines comprennent notamment :<\/p>\n<p>la communication entre les acteurs socio-politiques ;<\/p>\n<p>le progr\u00e8s du processus de mise en \u0153uvre du chronogramme ;<\/p>\n<p>le processus de mise en \u0153uvre des r\u00e9solutions.<\/p>\n<p>La Porte-Parole des facilitatrices a soulign\u00e9 qu\u2019au cours des discussions, il a \u00e9t\u00e9 convenu que la communication entre le Secr\u00e9tariat Technique, les \u00e9quipes charg\u00e9es du suivi du chronogramme, les \u00e9quipes charg\u00e9es du suivi des r\u00e9solutions issues du dialogue et le comit\u00e9 national doit \u00eatre am\u00e9lior\u00e9e. Cela permettra non seulement de mieux partager les informations mais aussi de mettre en place un canal d\u2019\u00e9change avec les acteurs politiques et du gouvernement.<\/p>\n<p>Avec CCG<\/p>\n","protected":false},"excerpt":{"rendered":"<p>Le Premier ministre, Chef du Gouvernement accompagn\u00e9 des trois facilitatrices, a pr\u00e9sid\u00e9 au Palais de la Colombe, la 4\u00e8me session du Comit\u00e9 national permanent charg\u00e9 du suivi des r\u00e9solutions du dialogue. Pour Dr Makal\u00e9 Traor\u00e9, l\u2019objectif de cette 4\u00e8me session du comit\u00e9 national permanent charg\u00e9 du suivi des r\u00e9solutions du dialogue, est d\u2019examiner le rapport [&hellip;]<\/p>\n","protected":false},"author":2,"featured_media":21904,"comment_status":"closed","ping_status":"closed","sticky":false,"template":"","format":"standard","meta":{"footnotes":""},"categories":[1,57],"tags":[],"class_list":{"0":"post-21902","1":"post","2":"type-post","3":"status-publish","4":"format-standard","5":"has-post-thumbnail","7":"category-non-classe","8":"category-politique"},"_links":{"self":[{"href":"https:\/\/conakrynews.org\/index.php\/wp-json\/wp\/v2\/posts\/21902","targetHints":{"allow":["GET"]}}],"collection":[{"href":"https:\/\/conakrynews.org\/index.php\/wp-json\/wp\/v2\/posts"}],"about":[{"href":"https:\/\/conakrynews.org\/index.php\/wp-json\/wp\/v2\/types\/post"}],"author":[{"embeddable":true,"href":"https:\/\/conakrynews.org\/index.php\/wp-json\/wp\/v2\/users\/2"}],"replies":[{"embeddable":true,"href":"https:\/\/conakrynews.org\/index.php\/wp-json\/wp\/v2\/comments?post=21902"}],"version-history":[{"count":0,"href":"https:\/\/conakrynews.org\/index.php\/wp-json\/wp\/v2\/posts\/21902\/revisions"}],"wp:featuredmedia":[{"embeddable":true,"href":"https:\/\/conakrynews.org\/index.php\/wp-json\/wp\/v2\/media\/21904"}],"wp:attachment":[{"href":"https:\/\/conakrynews.org\/index.php\/wp-json\/wp\/v2\/media?parent=21902"}],"wp:term":[{"taxonomy":"category","embeddable":true,"href":"https:\/\/conakrynews.org\/index.php\/wp-json\/wp\/v2\/categories?post=21902"},{"taxonomy":"post_tag","embeddable":true,"href":"https:\/\/conakrynews.org\/index.php\/wp-json\/wp\/v2\/tags?post=21902"}],"curies":[{"name":"wp","href":"https:\/\/api.w.org\/{rel}","templated":true}]}}