{"id":2197,"date":"2018-05-08T10:23:37","date_gmt":"2018-05-08T08:23:37","guid":{"rendered":"https:\/\/conakrynews.org\/?p=2197"},"modified":"2018-05-08T10:23:37","modified_gmt":"2018-05-08T08:23:37","slug":"affrontement-a-frontiere-guineo-malienne-ministre-administration-apporte-precisions","status":"publish","type":"post","link":"https:\/\/conakrynews.org\/index.php\/affrontement-a-frontiere-guineo-malienne-ministre-administration-apporte-precisions\/","title":{"rendered":"Affrontement \u00e0 la fronti\u00e8re guin\u00e9o \u2013malienne : le Ministre administration apporte des pr\u00e9cisions"},"content":{"rendered":"<p>Le ministre de l\u2019Administration du Territoriale et de la D\u00e9centralisation, le G\u00e9n\u00e9ral Bour\u00e9ma Cond\u00e9 a rencontr\u00e9 la presse, le lundi le 07 mai 2018 pour apporter des pr\u00e9cisions sur les affrontements qui oppos\u00e9 ressortissants Guin\u00e9ens et Maliens \u00e0 la fronti\u00e8re entre les deux pays, pr\u00e9cis\u00e9ment \u00e0 Kour\u00e9mali.<\/p>\n<p>A l\u2019entame de son discours liminaire, le ministre Guin\u00e9en de l\u2019Administration du Territoriale et de la D\u00e9centralisation a rappel\u00e9 que tout est parti d\u2019un cort\u00e8ge de mariage.<\/p>\n<p>\u00ab C\u2019est un cort\u00e8ge de mari\u00e9s qui est arriv\u00e9 du c\u00f4t\u00e9 du Mali. Les mari\u00e9s et leurs accompagnants ont voulu traverser la fronti\u00e8re \u00e0 partir d\u2019une zone non autoris\u00e9e, les gendarmes guin\u00e9ens ont refus\u00e9 tout en leur disant qu\u2019ils ne pouvaient pas traverser vers la fronti\u00e8re guin\u00e9enne. Ce qui n\u2019a pas plu aux maliens. Les jets de pierres et altercations ont commenc\u00e9. Les gendarmes maliens ont tir\u00e9 \u00e0 l\u2019air causant un incendie qui a ravag\u00e9 des boutiques, magasins et un camion plein de marchandise \u00bb, a t- il rappel\u00e9 devant les hommes medias<\/p>\n<p>Comme pour dire qu\u2019il n\u2019y a pas de p\u00e9ril en la demeure, le g\u00e9n\u00e9ral Bour\u00e9ma Cond\u00e9 a dit avoir parl\u00e9 au ministre des Affaires \u00c9trang\u00e8res du Mali, qu\u2019il appelle m\u00eame son ami. Et que ce dernier lui a donn\u00e9 une r\u00e9ponse qui l\u2019a consol\u00e9. \u00ab J\u2019ai appel\u00e9 aussit\u00f4t le ministre des Affaires \u00c9trang\u00e8res du Mali. Nous lui avons dit voil\u00e0 ce qui se passe. La r\u00e9ponse de monsieur le ministre m\u2019a consol\u00e9. Il m\u2019a dit que c\u2019est une bavure de nos compatriotes. Nous avons pris des dispositions pour que cela ne se r\u00e9p\u00e8te plus\u00bb, a rassur\u00e9 le g\u00e9n\u00e9ral Bour\u00e9ma Cond\u00e9.<br \/>\nPour l\u2019heure le calme serait revenu dans la localit\u00e9.<\/p>\n<p>Guineeprogres.net<\/p>\n<p><img loading=\"lazy\" decoding=\"async\" class=\"alignnone size-full wp-image-2198\" src=\"https:\/\/conakrynews.org\/wp-content\/uploads\/2018\/05\/bourema.jpg\" alt=\"\" width=\"259\" height=\"194\" \/><\/p>\n","protected":false},"excerpt":{"rendered":"<p>Le ministre de l\u2019Administration du Territoriale et de la D\u00e9centralisation, le G\u00e9n\u00e9ral Bour\u00e9ma Cond\u00e9 a rencontr\u00e9 la presse, le lundi le 07 mai 2018 pour apporter des pr\u00e9cisions sur les affrontements qui oppos\u00e9 ressortissants Guin\u00e9ens et Maliens \u00e0 la fronti\u00e8re entre les deux pays, pr\u00e9cis\u00e9ment \u00e0 Kour\u00e9mali. A l\u2019entame de son discours liminaire, le ministre [&hellip;]<\/p>\n","protected":false},"author":2,"featured_media":2198,"comment_status":"open","ping_status":"open","sticky":false,"template":"","format":"standard","meta":{"footnotes":""},"categories":[1],"tags":[],"class_list":{"0":"post-2197","1":"post","2":"type-post","3":"status-publish","4":"format-standard","5":"has-post-thumbnail","7":"category-non-classe"},"_links":{"self":[{"href":"https:\/\/conakrynews.org\/index.php\/wp-json\/wp\/v2\/posts\/2197","targetHints":{"allow":["GET"]}}],"collection":[{"href":"https:\/\/conakrynews.org\/index.php\/wp-json\/wp\/v2\/posts"}],"about":[{"href":"https:\/\/conakrynews.org\/index.php\/wp-json\/wp\/v2\/types\/post"}],"author":[{"embeddable":true,"href":"https:\/\/conakrynews.org\/index.php\/wp-json\/wp\/v2\/users\/2"}],"replies":[{"embeddable":true,"href":"https:\/\/conakrynews.org\/index.php\/wp-json\/wp\/v2\/comments?post=2197"}],"version-history":[{"count":0,"href":"https:\/\/conakrynews.org\/index.php\/wp-json\/wp\/v2\/posts\/2197\/revisions"}],"wp:featuredmedia":[{"embeddable":true,"href":"https:\/\/conakrynews.org\/index.php\/wp-json\/wp\/v2\/media\/2198"}],"wp:attachment":[{"href":"https:\/\/conakrynews.org\/index.php\/wp-json\/wp\/v2\/media?parent=2197"}],"wp:term":[{"taxonomy":"category","embeddable":true,"href":"https:\/\/conakrynews.org\/index.php\/wp-json\/wp\/v2\/categories?post=2197"},{"taxonomy":"post_tag","embeddable":true,"href":"https:\/\/conakrynews.org\/index.php\/wp-json\/wp\/v2\/tags?post=2197"}],"curies":[{"name":"wp","href":"https:\/\/api.w.org\/{rel}","templated":true}]}}