{"id":2200,"date":"2018-05-10T11:04:40","date_gmt":"2018-05-10T09:04:40","guid":{"rendered":"https:\/\/conakrynews.org\/?p=2200"},"modified":"2018-05-10T11:04:40","modified_gmt":"2018-05-10T09:04:40","slug":"tpi-de-kaloum-deux-journalistes-poursuivis-dg-douanes","status":"publish","type":"post","link":"https:\/\/conakrynews.org\/index.php\/tpi-de-kaloum-deux-journalistes-poursuivis-dg-douanes\/","title":{"rendered":"TPI de Kaloum : Deux journalistes poursuivis par le DG des Douanes"},"content":{"rendered":"<p>Toumany Camara, R\u00e9dacteur en chef du journal  bimensuel \u00abTremplin\u00bb et son Directeur de publication, Bakara Guilavogui, font l\u2019objet de poursuites judiciaires. Ils sont accus\u00e9s par le Directeur g\u00e9n\u00e9ral des Douanes, le g\u00e9n\u00e9ral Toumany Sangar\u00e9 et le colonel Fac\u00e9ly Fandessen K\u00e9ita pour \u00abdiffamation\u00bb. Ce mercredi 9 mai, la d\u00e9fense a demand\u00e9 la comparution des deux personnalit\u00e9s. Le magistrat audiencier du TPI de Kaloum a rejet\u00e9 cette requ\u00eate avant de renvoyer le proc\u00e8s au 16 mai pour des plaidoiries et r\u00e9quisitoire, a-t-on constat\u00e9 sur place.<br \/>\nSur la demande de comparution du g\u00e9n\u00e9ral Toumany Sangar\u00e9 et le colonel Fac\u00e9ly Fandessen K\u00e9ita, l\u2019avocat de la partie civile, Me Philippe Loua a d\u00e9clar\u00e9 qu\u2019il n\u2019y voit aucun int\u00e9r\u00eat cette pr\u00e9sence de ses clients apr\u00e8s que ces deniers aient port\u00e9 plainte.<br \/>\n\u00ab Nous avons pos\u00e9 des questions aux pr\u00e9venus qui ont librement r\u00e9pondu. L\u2019affaire  a \u00e9t\u00e9 renvoy\u00e9e pour les plaidoiries et r\u00e9quisitoire le 16 mai. Nous ne refusons pas la comparution de nos clients tout comme nous ne voyons pas aussi l\u2019int\u00e9r\u00eat de leur pr\u00e9sence du moment o\u00f9 ils ont port\u00e9 plainte. D\u2019ailleurs, il appartenait au Tribunal qui est souverain d\u2019acc\u00e9der \u00e0 leur demande qui a fini par rejeter estimant que ce n\u2019est pas opportun \u00bb, pr\u00e9cise-t-il.<br \/>\nDe son c\u00f4t\u00e9, l\u2019avocat de la d\u00e9fense, Ousmane Mansar\u00e9 a insist\u00e9 que la comparution du  g\u00e9n\u00e9ral Toumany Sangar\u00e9 et du colonel Fac\u00e9ly Fandessen Keita est n\u00e9cessaire pour qu\u2019ils donnent leurs versions des faits. De toutes les fa\u00e7ons, Me Mansar\u00e9 a laiss\u00e9 entendre qu\u2019ils n\u2019ont aucune preuve qui atteste que ses clients ont diffam\u00e9 avant de d\u00e9noncer qu\u2019il y a une interf\u00e9rence dans le dossier.<br \/>\n\u00ab Apr\u00e8s les d\u00e9bats, nous nous sommes rendus compte que la partie civile et le Minist\u00e8re public n\u2019ont pu apporter aucune preuve qui atteste la diffamation dont elle parle. Par contre, quand nous avons demand\u00e9 la comparution du g\u00e9n\u00e9ral Toumany Sangar\u00e9 et du Colonel Fac\u00e9ly Fandessen K\u00e9ita pour donner leurs versions des faits, pour le respect du principe des d\u00e9bats contradictoires, le Tribunal, le Repr\u00e9sentant du minist\u00e8re public et les conseils de la partie civile se sont cat\u00e9goriquement oppos\u00e9s arguant qu\u2019il n\u2019est pas n\u00e9cessaire que ces gens comparaissent \u00bb, a-t-il expliqu\u00e9.<br \/>\nPourtant, selon Me Mansar\u00e9,  la loi dit que quand vous poursuivez quelqu\u2019un pour diffamation, il vous appartient d\u2019apporter la preuve qui peut faire l\u2019objet de discussions \u00e0 la barre. \u00ab Vous comprendrez que dans ce dossier, qu\u2019il y a une certaine interf\u00e9rence et consid\u00e9ration. La Guin\u00e9e \u00e9tant un Etat de droit, il faut que le droit soit dit. Jusqu\u2019\u00e0 preuve contraire, nous demandons avec insistance la comparution du  g\u00e9n\u00e9ral Toumany Sangar\u00e9 et Colonel Fandessen K\u00e9ita \u00bb, affirme-t-il.<br \/>\nSource :Guineenews.org<\/p>\n","protected":false},"excerpt":{"rendered":"<p>Toumany Camara, R\u00e9dacteur en chef du journal bimensuel \u00abTremplin\u00bb et son Directeur de publication, Bakara Guilavogui, font l\u2019objet de poursuites judiciaires. Ils sont accus\u00e9s par le Directeur g\u00e9n\u00e9ral des Douanes, le g\u00e9n\u00e9ral Toumany Sangar\u00e9 et le colonel Fac\u00e9ly Fandessen K\u00e9ita pour \u00abdiffamation\u00bb. Ce mercredi 9 mai, la d\u00e9fense a demand\u00e9 la comparution des deux personnalit\u00e9s. [&hellip;]<\/p>\n","protected":false},"author":2,"featured_media":0,"comment_status":"open","ping_status":"open","sticky":false,"template":"","format":"standard","meta":{"footnotes":""},"categories":[1],"tags":[],"class_list":{"0":"post-2200","1":"post","2":"type-post","3":"status-publish","4":"format-standard","6":"category-non-classe"},"_links":{"self":[{"href":"https:\/\/conakrynews.org\/index.php\/wp-json\/wp\/v2\/posts\/2200","targetHints":{"allow":["GET"]}}],"collection":[{"href":"https:\/\/conakrynews.org\/index.php\/wp-json\/wp\/v2\/posts"}],"about":[{"href":"https:\/\/conakrynews.org\/index.php\/wp-json\/wp\/v2\/types\/post"}],"author":[{"embeddable":true,"href":"https:\/\/conakrynews.org\/index.php\/wp-json\/wp\/v2\/users\/2"}],"replies":[{"embeddable":true,"href":"https:\/\/conakrynews.org\/index.php\/wp-json\/wp\/v2\/comments?post=2200"}],"version-history":[{"count":0,"href":"https:\/\/conakrynews.org\/index.php\/wp-json\/wp\/v2\/posts\/2200\/revisions"}],"wp:attachment":[{"href":"https:\/\/conakrynews.org\/index.php\/wp-json\/wp\/v2\/media?parent=2200"}],"wp:term":[{"taxonomy":"category","embeddable":true,"href":"https:\/\/conakrynews.org\/index.php\/wp-json\/wp\/v2\/categories?post=2200"},{"taxonomy":"post_tag","embeddable":true,"href":"https:\/\/conakrynews.org\/index.php\/wp-json\/wp\/v2\/tags?post=2200"}],"curies":[{"name":"wp","href":"https:\/\/api.w.org\/{rel}","templated":true}]}}