{"id":2212,"date":"2018-05-17T14:20:30","date_gmt":"2018-05-17T12:20:30","guid":{"rendered":"https:\/\/conakrynews.org\/?p=2212"},"modified":"2018-05-17T14:20:30","modified_gmt":"2018-05-17T12:20:30","slug":"conakry-indira-barry-lance-projet-telethonguinee","status":"publish","type":"post","link":"https:\/\/conakrynews.org\/index.php\/conakry-indira-barry-lance-projet-telethonguinee\/","title":{"rendered":"Conakry : Indira Barry lance son projet Tel\u00e9thonGuin\u00e9e"},"content":{"rendered":"<p><strong>Ce vendredi 11 mai 2018 la fondatrice de l&rsquo;ONG fondation pour la sant\u00e9 en guin\u00e9e et quelques professionnels\u00a0 m\u00e9dical \u00e9taient devant les hommes de m\u00e9dias pour leurs pr\u00e9senter le projet\u00a0 t\u00e9l\u00e9thon guin\u00e9e qui se tiendra du 03 au 09 d\u00e9cembre 2018.<\/strong><\/p>\n<p><strong>\u00a0<\/strong><\/p>\n<p>L&rsquo;objectif\u00a0 de cette rencontre \u00e9tait de parler dudit projet et son importance dans le cadre de la lutte contre \u00a0certaines maladies \u00a0\u00a0tr\u00e8s \u00a0dangereuses.<\/p>\n<p>&nbsp;<\/p>\n<p>A l\u2019entame, Indira Barry fondatrice de l\u2019ONG fondation pour la Sant\u00e9 et initiatrice \u00a0du projet\u00a0 T\u00e9l\u00e9thonGuin\u00e9e a expliqu\u00e9 que ce \u00a0permet de renforce le syst\u00e8me de sant\u00e9 des guin\u00e9ens.<\/p>\n<p>\u00ab\u00a0C\u2019est aussi une fa\u00e7ons d&rsquo;aider la population \u00e0 avoir acc\u00e8s \u00e0 des centres de sant\u00e9 de qualit\u00e9. Avant de\u00a0 rappeler les r\u00f4les de sa Fondation.\u00a0\u00ab\u00a0 Le \u00a0r\u00f4le principale de cette Fondation, c&rsquo;est aider\u00a0 les personnes malades, en prenant en charge leurs soins. Leur assister\u00a0 \u00e0 la formation des personnels\u00a0 de Sant\u00e9. Equiper nos \u00a0de nos structure hospitali\u00e8re \u00a0aux infrastructures de qualit\u00e9. Cr\u00e9er et animer des r\u00e9seaux internationaux destin\u00e9s \u00a0\u00e0 am\u00e9liorer le contexte sanitaire en guin\u00e9e, Promouvoir la recherche clinique et th\u00e9rapeutique \u00a0et\u00a0\u00a0 participer\u00a0 \u00e0 des d\u00e9bats publics\u00a0 en faisant des plaidoyers.<\/p>\n<p>Pour finir, elle a fait savoir que \u00a0cette 1ere \u00e9dition portera sur trois maladies \u00a0\u00e0 savoir\u00a0: la dr\u00e9panocytose, l\u2019insuffisance r\u00e9nale, et la maladie mentale.<\/p>\n<p>Ang\u00e8les Haba<\/p>\n<p><strong><em>\u00a0<\/em><\/strong><\/p>\n<p>&nbsp;<\/p>\n<p><img loading=\"lazy\" decoding=\"async\" class=\"alignnone size-medium wp-image-2213\" src=\"https:\/\/conakrynews.org\/wp-content\/uploads\/2018\/05\/photo-sant\u00e9-2-500x375.jpg\" alt=\"\" width=\"500\" height=\"375\" srcset=\"https:\/\/conakrynews.org\/wp-content\/uploads\/2018\/05\/photo-sant\u00e9-2-500x375.jpg 500w, https:\/\/conakrynews.org\/wp-content\/uploads\/2018\/05\/photo-sant\u00e9-2-768x576.jpg 768w, https:\/\/conakrynews.org\/wp-content\/uploads\/2018\/05\/photo-sant\u00e9-2.jpg 960w\" sizes=\"auto, (max-width: 500px) 100vw, 500px\" \/><\/p>\n","protected":false},"excerpt":{"rendered":"<p>Ce vendredi 11 mai 2018 la fondatrice de l&rsquo;ONG fondation pour la sant\u00e9 en guin\u00e9e et quelques professionnels\u00a0 m\u00e9dical \u00e9taient devant les hommes de m\u00e9dias pour leurs pr\u00e9senter le projet\u00a0 t\u00e9l\u00e9thon guin\u00e9e qui se tiendra du 03 au 09 d\u00e9cembre 2018. \u00a0 L&rsquo;objectif\u00a0 de cette rencontre \u00e9tait de parler dudit projet et son importance dans [&hellip;]<\/p>\n","protected":false},"author":2,"featured_media":2213,"comment_status":"open","ping_status":"open","sticky":false,"template":"","format":"standard","meta":{"footnotes":""},"categories":[62],"tags":[],"class_list":{"0":"post-2212","1":"post","2":"type-post","3":"status-publish","4":"format-standard","5":"has-post-thumbnail","7":"category-culture"},"_links":{"self":[{"href":"https:\/\/conakrynews.org\/index.php\/wp-json\/wp\/v2\/posts\/2212","targetHints":{"allow":["GET"]}}],"collection":[{"href":"https:\/\/conakrynews.org\/index.php\/wp-json\/wp\/v2\/posts"}],"about":[{"href":"https:\/\/conakrynews.org\/index.php\/wp-json\/wp\/v2\/types\/post"}],"author":[{"embeddable":true,"href":"https:\/\/conakrynews.org\/index.php\/wp-json\/wp\/v2\/users\/2"}],"replies":[{"embeddable":true,"href":"https:\/\/conakrynews.org\/index.php\/wp-json\/wp\/v2\/comments?post=2212"}],"version-history":[{"count":0,"href":"https:\/\/conakrynews.org\/index.php\/wp-json\/wp\/v2\/posts\/2212\/revisions"}],"wp:featuredmedia":[{"embeddable":true,"href":"https:\/\/conakrynews.org\/index.php\/wp-json\/wp\/v2\/media\/2213"}],"wp:attachment":[{"href":"https:\/\/conakrynews.org\/index.php\/wp-json\/wp\/v2\/media?parent=2212"}],"wp:term":[{"taxonomy":"category","embeddable":true,"href":"https:\/\/conakrynews.org\/index.php\/wp-json\/wp\/v2\/categories?post=2212"},{"taxonomy":"post_tag","embeddable":true,"href":"https:\/\/conakrynews.org\/index.php\/wp-json\/wp\/v2\/tags?post=2212"}],"curies":[{"name":"wp","href":"https:\/\/api.w.org\/{rel}","templated":true}]}}