{"id":22603,"date":"2023-08-03T11:23:57","date_gmt":"2023-08-03T11:23:57","guid":{"rendered":"https:\/\/conakrynews.org\/?p=22603"},"modified":"2023-08-03T11:23:57","modified_gmt":"2023-08-03T11:23:57","slug":"guinee-tenue-de-latelier-de-reflexion-sur-les-enjeux-de-la-parite-a-conakry","status":"publish","type":"post","link":"https:\/\/conakrynews.org\/index.php\/guinee-tenue-de-latelier-de-reflexion-sur-les-enjeux-de-la-parite-a-conakry\/","title":{"rendered":"Guin\u00e9e: Tenue de l\u2019atelier de r\u00e9flexion sur les enjeux de la parit\u00e9 \u00e0 Conakry"},"content":{"rendered":"<p>L\u2019Atelier de r\u00e9flexion sur les enjeux de la parit\u00e9 en Guin\u00e9e a d\u00e9marr\u00e9 ses travaux hier Mercredi 2 Aout 2023 \u00e0 Palm Camayenne, en pr\u00e9sence du 2\u00e8me  Vice-Pr\u00e9sident du Conseil National de la Transition Elhadj Seny Facinet Sylla, de la Conseill\u00e8re du Premier Ministre, du Secr\u00e9taire G\u00e9n\u00e9ral du Minist\u00e8re de la Promotion f\u00e9minie, de l\u2019Enfance et des personnes vuln\u00e9rables, de la Pr\u00e9sidente du Caucus des femmes du CNT, du Repr\u00e9sentant r\u00e9sident du PNUD en Guin\u00e9e, de la Repr\u00e9sentante par int\u00e9rim de ONU Droits de l\u2019Homme et du Coordonnateur National du Fonds de Consolidation de la Paix.<\/p>\n<p>La rencontre organis\u00e9e par le Caucus des Femmes du CNT, appuy\u00e9 par le Syst\u00e8me des  Nations Unies  \u00e0 travers le PNUD, l\u2019UNFPA, l\u2019UNICEF est financ\u00e9e par le Fonds de Consolidation de la Paix. Elle s\u2019inscrit dans le cadre du projet d\u2019appui \u00e0 la participation des femmes pour une transition apais\u00e9e en Guin\u00e9e sous la direction de Mme Safiatou Kaba, Charg\u00e9 de Programme Autonomisation du PNUD.<\/p>\n<p>L\u2019Atelier sur les enjeux de la Parit\u00e9 vise \u00e0 encourager la prise en compte de la dimension Parit\u00e9 dans la nouvelle Constitution et les diff\u00e9rentes lois organiques et am\u00e9liorer le cadre juridique national de promotion et de protection des femmes en lien avec les engagements internationaux auxquels la Guin\u00e9e a souscrit. L\u2019objectif est d\u2019informer et de sensibiliser l\u2019ensemble des acteurs de la vie sociale, \u00e9conomique et politique et interpeler les d\u00e9cideurs sur la n\u00e9cessit\u00e9 du respect de cette loi en faveur de l\u2019\u00e9galit\u00e9 pendant et apr\u00e8s cette Transition.<\/p>\n<p>La c\u00e9r\u00e9monie officielle d\u2019ouverture a \u00e9t\u00e9 suivie de la remise par le Repr\u00e9sentant r\u00e9sident du PNUD, au nom du Syst\u00e8me des Nations Unies, au 2\u00e8me Vice-Pr\u00e9sident du CNT, d\u2019un important lot d\u2019\u00e9quipements informatiques et de bureau qui vise \u00e0 renforcer les capacit\u00e9s op\u00e9rationnelles en faveur du Caucus des femmes du CNT.<\/p>\n<p>La Journ\u00e9e a \u00e9t\u00e9 marqu\u00e9e par la tenue de deux importants panels notamment, celui portant sur le Cadre Legal et R\u00e9glementaire national et international en mati\u00e8re de genre et d\u2019\u00e9galit\u00e9 des sexes et celui qui a port\u00e9 sur le Cadre Institutionnel et Strat\u00e9gique mais aussi la constitution de trois groupes de travail qui ont permis de faire le diagnostic sur Cadre Legal avec des th\u00e9matiques en lien avec la Constitution et Lois organiques, la loi \u00e9lectorale, la charte des partis politique et la Loi sur le financement des partis politiques et la loi sur la Parit\u00e9. Des travaux de groupes facilit\u00e9s et coordonn\u00e9s par M. Boubacar 1 Bah, Expert parlementaire du PNUD.<\/p>\n<p>Par Mamadou Saliou Diallo du PNUD-Guin\u00e9e<\/p>\n","protected":false},"excerpt":{"rendered":"<p>L\u2019Atelier de r\u00e9flexion sur les enjeux de la parit\u00e9 en Guin\u00e9e a d\u00e9marr\u00e9 ses travaux hier Mercredi 2 Aout 2023 \u00e0 Palm Camayenne, en pr\u00e9sence du 2\u00e8me Vice-Pr\u00e9sident du Conseil National de la Transition Elhadj Seny Facinet Sylla, de la Conseill\u00e8re du Premier Ministre, du Secr\u00e9taire G\u00e9n\u00e9ral du Minist\u00e8re de la Promotion f\u00e9minie, de l\u2019Enfance [&hellip;]<\/p>\n","protected":false},"author":2,"featured_media":22604,"comment_status":"closed","ping_status":"closed","sticky":false,"template":"","format":"standard","meta":{"footnotes":""},"categories":[58],"tags":[],"class_list":{"0":"post-22603","1":"post","2":"type-post","3":"status-publish","4":"format-standard","5":"has-post-thumbnail","7":"category-societe"},"_links":{"self":[{"href":"https:\/\/conakrynews.org\/index.php\/wp-json\/wp\/v2\/posts\/22603","targetHints":{"allow":["GET"]}}],"collection":[{"href":"https:\/\/conakrynews.org\/index.php\/wp-json\/wp\/v2\/posts"}],"about":[{"href":"https:\/\/conakrynews.org\/index.php\/wp-json\/wp\/v2\/types\/post"}],"author":[{"embeddable":true,"href":"https:\/\/conakrynews.org\/index.php\/wp-json\/wp\/v2\/users\/2"}],"replies":[{"embeddable":true,"href":"https:\/\/conakrynews.org\/index.php\/wp-json\/wp\/v2\/comments?post=22603"}],"version-history":[{"count":0,"href":"https:\/\/conakrynews.org\/index.php\/wp-json\/wp\/v2\/posts\/22603\/revisions"}],"wp:featuredmedia":[{"embeddable":true,"href":"https:\/\/conakrynews.org\/index.php\/wp-json\/wp\/v2\/media\/22604"}],"wp:attachment":[{"href":"https:\/\/conakrynews.org\/index.php\/wp-json\/wp\/v2\/media?parent=22603"}],"wp:term":[{"taxonomy":"category","embeddable":true,"href":"https:\/\/conakrynews.org\/index.php\/wp-json\/wp\/v2\/categories?post=22603"},{"taxonomy":"post_tag","embeddable":true,"href":"https:\/\/conakrynews.org\/index.php\/wp-json\/wp\/v2\/tags?post=22603"}],"curies":[{"name":"wp","href":"https:\/\/api.w.org\/{rel}","templated":true}]}}