{"id":2277,"date":"2018-06-25T15:48:10","date_gmt":"2018-06-25T13:48:10","guid":{"rendered":"https:\/\/conakrynews.org\/?p=2277"},"modified":"2018-06-25T15:48:10","modified_gmt":"2018-06-25T13:48:10","slug":"labe-alpha-conde-preside-journee-nationale-de-lelevage","status":"publish","type":"post","link":"https:\/\/conakrynews.org\/index.php\/labe-alpha-conde-preside-journee-nationale-de-lelevage\/","title":{"rendered":"Lab\u00e9 : Alpha Cond\u00e9 pr\u00e9side la journ\u00e9e nationale de l\u2019\u00e9levage"},"content":{"rendered":"<p>La journ\u00e9e \u00a0nationale\u00a0 de l\u2019\u00e9levage s\u2019est tenue\u00a0 \u00a0les 23 et 24 juin 2018\u00a0 dans la pr\u00e9fecture de Lab\u00e9. Cette c\u00e9r\u00e9monie a \u00e9t\u00e9 organis\u00e9e \u00a0sous la pr\u00e9sidence du Chef de l\u2019Etat, Prof Alpha Cond\u00e9 .A cette occasion, plusieurs membres du gouvernement ont rehauss\u00e9 leur pr\u00e9sence \u00e0 ce grand \u00e9v\u00e9nement national.<\/p>\n<p>&nbsp;<\/p>\n<p>&nbsp;<\/p>\n<p>Dans son discours de bienvenue, le gouverneur de la\u00a0 R\u00e9gion de Lab\u00e9,\u00a0 a remerci\u00e9\u00a0 le pr\u00e9sident Alpha Cond\u00e9 \u00a0d\u2019avoir \u00a0\u00a0choisi\u00a0\u00a0 \u00a0la \u00a0ville de Lab\u00e9 pour abriter ces journ\u00e9es. Avant de rappeler les objectifs et but pour lesquels cette journ\u00e9e nationale de l\u2019\u00a0levage a \u00e9t\u00e9 organis\u00e9e.\u00a0:\u00a0\u00ab\u00a0Nous allons r\u00e9volutionner l&rsquo;\u00e9levage\u00a0 au foutah.Nos b\u0153ufs\u00a0\u00a0 ne p\u00e8sent pas plus de 200kilogrammes .Alors \u00a0que nous voulons que nos b\u0153uf p\u00e8sent 500.600,700kilogramme.Nos vaches donnent 11 \u00e0 12 litres .c&rsquo;est pourquoi nous avons convoqu\u00e9s les journ\u00e9es de l&rsquo;\u00e9levage \u00e0 Lab\u00e9\u00a0\u00bb, a-t-il rappel\u00e9 .Avant de remercier le roi Mohamed VI\u00a0 \u00e0 travers le gouvernement marocain.\u00a0\u00abC\u2019est l\u2019Etat\u00a0 Marocain\u00a0\u00a0 qui nous\u00a0 a\u00a0 accompagn\u00e9 en nous accordant les moyens appropri\u00e9s\u00a0 pour le d\u00e9veloppement des activit\u00e9s\u00a0 de notre \u00e9levage.<\/p>\n<p>&nbsp;<\/p>\n<p>Rench\u00e9rissant, il a\u00a0 dit\u00a0:\u00a0\u00able gouvernement Marocain\u00a0 a form\u00e9 les \u00a0chefs v\u00e9t\u00e9rinaires de la Guin\u00e9e. Ce qui fait qu&rsquo;aujourd&rsquo;hui dans toutes les sous-pr\u00e9fectures o\u00f9 l&rsquo;\u00e9levage est pratiqu\u00e9 nous avons des jeunes v\u00e9t\u00e9rinaires capable de faire l&rsquo;ins\u00e9mination cela est le premier changement .Le deuxi\u00e8me, c&rsquo;est comment nourrir nos vaches, laisser les vaches aller brouter ne peut pas leurs donner suffisamment le poids .Le type de nourriture qu\u2019 elles ont besoin pour\u00a0 s\u2019\u00e9panouir \u00a0par ce que l&rsquo;herbe n&rsquo;est pas assez riche pour donner aux vaches le poids souhait\u00e9.D&rsquo;o\u00f9 la n\u00e9cessit\u00e9 d&rsquo;avoir des usines d&rsquo;alimentation du b\u00e9tails\u00a0\u00bb, a- expliqu\u00e9 le Gouverneur de Lab\u00e9 .<\/p>\n<p>&nbsp;<\/p>\n<p>&nbsp;<\/p>\n<p>Prenant la parole, le pr\u00e9sident de la R\u00e9publique, prof Alpha Cond\u00e9 a\u00a0 pr\u00e9cis\u00e9 que nous avons deux usines d\u00e9j\u00e0 \u00a0\u00a0\u00e0 savoir\u00a0: l\u2019usine El Hadj k\u00e9gn\u00e9ko et l&rsquo;usine TAfagui..<\/p>\n<p>Avant d\u2019inviter <strong>\u00a0les \u00e9leveurs du foutah en particulier et de la guin\u00e9e en g\u00e9n\u00e9ral \u00e0 embrasser cette nouvelle m\u00e9thode \u00a0de l\u2019\u00e9levage en guin\u00e9e. <\/strong><\/p>\n<p><strong>\u00a0<\/strong><\/p>\n<p><strong>\u00a0<\/strong><\/p>\n<p><strong>\u00ab\u00a0Donc cela veut dire que les \u00e9leveurs aussi doivent changer leur fa\u00e7on de travailler, ils doivent accepter de nourrir les b\u0153ufs avec les produits\u00a0 industriels. Mais malheureusement \u00a0vous allez voir tout de suite des \u00a0\u00e9leveurs dire si je laisse ma vache \u00a0pour aller brouter l&rsquo;herbe\u00a0 cela ne \u00a0co\u00fbtera \u00a0rien contrairement \u00e0 l&rsquo;achat de nourriture&#8230; La r\u00e9ponse est simple quand le b\u0153uf broute, son poids fait 200kg.Et si on ach\u00e8te la nourriture \u00e0 100.000Gnf on peut avoir un b\u0153uf qui p\u00e8se 500kilos.Donc il y&rsquo;a 300kilos de viande ne sont pas dix fois plus chers que les 100.000Gnfque l\u2019\u00e9leveur aurait\u00a0 d\u00e9pens\u00e9\u00a0\u00bb\u00a0\u00bb, a fait savoir \u00a0le pr\u00e9sident Alpha Cond\u00e9.<\/strong><\/p>\n<p>&nbsp;<\/p>\n<p>&nbsp;<\/p>\n<p>A noter qu\u2019\u00e0 partir du stade r\u00e9gionale de Lab\u00e9, le chef de l&rsquo;\u00c9tat a ralli\u00e9 le si\u00e8ge de la\u00a0 MUFFA(mutuelle financi\u00e8re des femmes\u00a0 Africain)de Lab\u00e9\u00a0, avant de se rendre \u00e0 l&rsquo;Universit\u00e9 de Hafia pour visiter les chantiers en cours .La journ\u00e9e du dimanche a \u00e9t\u00e9 consacr\u00e9e \u00e0 la visite des stands install\u00e9s dans l&rsquo;enceinte du centre de formation technique et professionnel de Lab\u00e9 et \u00e0 la d\u00e9monstration des techniciens du d\u00e9partement de l&rsquo;\u00e9levage.<\/p>\n<p>&nbsp;<\/p>\n<p><strong>Ang\u00e8le Haba pour\u00a0<a href=\"https:\/\/conakrynews.org\/\">conakrynews.org<\/a> 623284173 <\/strong><\/p>\n<p><strong>\u00a0<\/strong><\/p>\n<p>&nbsp;<\/p>\n<p><strong>\u00a0<\/strong><img loading=\"lazy\" decoding=\"async\" class=\"alignnone size-medium wp-image-2278\" src=\"https:\/\/conakrynews.org\/wp-content\/uploads\/2018\/06\/journ\u00e9e-l\u00e9levage-500x375.jpg\" alt=\"\" width=\"500\" height=\"375\" srcset=\"https:\/\/conakrynews.org\/wp-content\/uploads\/2018\/06\/journ\u00e9e-l\u00e9levage-500x375.jpg 500w, https:\/\/conakrynews.org\/wp-content\/uploads\/2018\/06\/journ\u00e9e-l\u00e9levage-768x576.jpg 768w, https:\/\/conakrynews.org\/wp-content\/uploads\/2018\/06\/journ\u00e9e-l\u00e9levage.jpg 960w\" sizes=\"auto, (max-width: 500px) 100vw, 500px\" \/><\/p>\n","protected":false},"excerpt":{"rendered":"<p>La journ\u00e9e \u00a0nationale\u00a0 de l\u2019\u00e9levage s\u2019est tenue\u00a0 \u00a0les 23 et 24 juin 2018\u00a0 dans la pr\u00e9fecture de Lab\u00e9. Cette c\u00e9r\u00e9monie a \u00e9t\u00e9 organis\u00e9e \u00a0sous la pr\u00e9sidence du Chef de l\u2019Etat, Prof Alpha Cond\u00e9 .A cette occasion, plusieurs membres du gouvernement ont rehauss\u00e9 leur pr\u00e9sence \u00e0 ce grand \u00e9v\u00e9nement national. &nbsp; &nbsp; Dans son discours de [&hellip;]<\/p>\n","protected":false},"author":2,"featured_media":2278,"comment_status":"open","ping_status":"open","sticky":false,"template":"","format":"standard","meta":{"footnotes":""},"categories":[58],"tags":[],"class_list":{"0":"post-2277","1":"post","2":"type-post","3":"status-publish","4":"format-standard","5":"has-post-thumbnail","7":"category-societe"},"_links":{"self":[{"href":"https:\/\/conakrynews.org\/index.php\/wp-json\/wp\/v2\/posts\/2277","targetHints":{"allow":["GET"]}}],"collection":[{"href":"https:\/\/conakrynews.org\/index.php\/wp-json\/wp\/v2\/posts"}],"about":[{"href":"https:\/\/conakrynews.org\/index.php\/wp-json\/wp\/v2\/types\/post"}],"author":[{"embeddable":true,"href":"https:\/\/conakrynews.org\/index.php\/wp-json\/wp\/v2\/users\/2"}],"replies":[{"embeddable":true,"href":"https:\/\/conakrynews.org\/index.php\/wp-json\/wp\/v2\/comments?post=2277"}],"version-history":[{"count":0,"href":"https:\/\/conakrynews.org\/index.php\/wp-json\/wp\/v2\/posts\/2277\/revisions"}],"wp:featuredmedia":[{"embeddable":true,"href":"https:\/\/conakrynews.org\/index.php\/wp-json\/wp\/v2\/media\/2278"}],"wp:attachment":[{"href":"https:\/\/conakrynews.org\/index.php\/wp-json\/wp\/v2\/media?parent=2277"}],"wp:term":[{"taxonomy":"category","embeddable":true,"href":"https:\/\/conakrynews.org\/index.php\/wp-json\/wp\/v2\/categories?post=2277"},{"taxonomy":"post_tag","embeddable":true,"href":"https:\/\/conakrynews.org\/index.php\/wp-json\/wp\/v2\/tags?post=2277"}],"curies":[{"name":"wp","href":"https:\/\/api.w.org\/{rel}","templated":true}]}}