{"id":2280,"date":"2018-06-25T18:21:44","date_gmt":"2018-06-25T16:21:44","guid":{"rendered":"https:\/\/conakrynews.org\/?p=2280"},"modified":"2018-06-25T18:21:44","modified_gmt":"2018-06-25T16:21:44","slug":"conakry-forum-national-etats-generaux-droits-de-lhomme-boucle","status":"publish","type":"post","link":"https:\/\/conakrynews.org\/index.php\/conakry-forum-national-etats-generaux-droits-de-lhomme-boucle\/","title":{"rendered":"Conakry : le forum national des \u00e9tats g\u00e9n\u00e9raux des droits de l\u2019homme boucl\u00e9"},"content":{"rendered":"<p><img loading=\"lazy\" decoding=\"async\" class=\"alignnone size-medium wp-image-2281\" src=\"https:\/\/conakrynews.org\/wp-content\/uploads\/2018\/06\/forum-iks-515x291.jpg\" alt=\"\" width=\"515\" height=\"291\" srcset=\"https:\/\/conakrynews.org\/wp-content\/uploads\/2018\/06\/forum-iks-515x291.jpg 515w, https:\/\/conakrynews.org\/wp-content\/uploads\/2018\/06\/forum-iks-768x433.jpg 768w, https:\/\/conakrynews.org\/wp-content\/uploads\/2018\/06\/forum-iks.jpg 780w\" sizes=\"auto, (max-width: 515px) 100vw, 515px\" \/>Apr\u00e8s trois jours d\u2019intenses travaux, le Forum national des \u00e9tats g\u00e9n\u00e9raux des droits de l\u2019homme a pris fin, ce vendredi 22 juin 2018, \u00e0 Conakry. Durant trois jours, les participants ont d\u00e9battu dans plusieurs panels dont, le premier jour, la violence soci\u00e9tale, la responsabilit\u00e9 soci\u00e9tale des entreprises et en mati\u00e8re de droits de l\u2019homme en p\u00e9nal \u00e9taient au centre des discussions.<br \/>\nDans son discours de circonstance, le repr\u00e9sentant pays de Search For Common Ground, Koala Oumarou a dit : \u00ab la question des droits de l\u2019homme est transversale et pr\u00e9occupe toute la nation ; aussi, doter le pays d\u2019une lettre de politique nationale de protection et de promotion des droits de l\u2019homme rev\u00eat un caract\u00e8re important. Il est l\u2019expression de la volont\u00e9 du minist\u00e8re de l\u2019Unit\u00e9 nationale et de la Citoyennet\u00e9 et de ses partenaires d\u2019aider \u00e0 la r\u00e9duction des frustrations accumul\u00e9es au fil des ans, des in\u00e9galit\u00e9s, des discriminations et d\u2019une mani\u00e8re g\u00e9n\u00e9rale \u00e0 la r\u00e9duction des violations des droits de l\u2019homme \u00bb.<br \/>\nAlhousseny Thiam, secr\u00e9taire g\u00e9n\u00e9ral du minist\u00e8re de l\u2019Unit\u00e9 nationale et de la Citoyennet\u00e9, repr\u00e9sentant le ministre Khalifa Gassama Diaby \u00e0 cette cl\u00f4ture, mentionne que le forum a retenu quatre orientations prioritaires pour la future lettre de politique nationale de promotion et de protection des droits de l\u2019homme qui sont : l\u2019\u00e9ducation de base et l\u2019information instructive de chacun ; le parach\u00e8vement et la pleine r\u00e9alisation de l\u2019ensemble des droits civils et politiques tel que pr\u00e9cis\u00e9 dans la Constitution guin\u00e9enne (droit \u00e0 la s\u00e9curit\u00e9 et \u00e0 la justice, droit \u00e0 la vie et \u00e0 l\u2019int\u00e9grit\u00e9 physique et morale, la libert\u00e9 de la presse\u2026) ; l\u2019am\u00e9lioration des conditions et du cadre de vie de chaque Guin\u00e9en et combattre fermement toute in\u00e9galit\u00e9 et discrimination quelles qu\u2019elles soient.<br \/>\nPour terminer, il a d\u00e9clar\u00e9 que dans les jours \u00e0 venir une \u00e9quipe du minist\u00e8re de l\u2019Unit\u00e9 nationale va finaliser la r\u00e9daction de la lettre de politique nationale au cours d\u2019une retraite qui sera organis\u00e9e prochainement \u00e0 cet effet. Apr\u00e8s l\u2019adoption du document par le conseil de ministres, un comit\u00e9 de suivi de la lettre sera mis en place, afin de permettre le suivi et la mise en \u0153uvre les actions pr\u00e9vues.<br \/>\nDaouda Yansan\u00e9<\/p>\n","protected":false},"excerpt":{"rendered":"<p>Apr\u00e8s trois jours d\u2019intenses travaux, le Forum national des \u00e9tats g\u00e9n\u00e9raux des droits de l\u2019homme a pris fin, ce vendredi 22 juin 2018, \u00e0 Conakry. Durant trois jours, les participants ont d\u00e9battu dans plusieurs panels dont, le premier jour, la violence soci\u00e9tale, la responsabilit\u00e9 soci\u00e9tale des entreprises et en mati\u00e8re de droits de l\u2019homme en [&hellip;]<\/p>\n","protected":false},"author":2,"featured_media":2281,"comment_status":"open","ping_status":"open","sticky":false,"template":"","format":"standard","meta":{"footnotes":""},"categories":[58],"tags":[],"class_list":{"0":"post-2280","1":"post","2":"type-post","3":"status-publish","4":"format-standard","5":"has-post-thumbnail","7":"category-societe"},"_links":{"self":[{"href":"https:\/\/conakrynews.org\/index.php\/wp-json\/wp\/v2\/posts\/2280","targetHints":{"allow":["GET"]}}],"collection":[{"href":"https:\/\/conakrynews.org\/index.php\/wp-json\/wp\/v2\/posts"}],"about":[{"href":"https:\/\/conakrynews.org\/index.php\/wp-json\/wp\/v2\/types\/post"}],"author":[{"embeddable":true,"href":"https:\/\/conakrynews.org\/index.php\/wp-json\/wp\/v2\/users\/2"}],"replies":[{"embeddable":true,"href":"https:\/\/conakrynews.org\/index.php\/wp-json\/wp\/v2\/comments?post=2280"}],"version-history":[{"count":0,"href":"https:\/\/conakrynews.org\/index.php\/wp-json\/wp\/v2\/posts\/2280\/revisions"}],"wp:featuredmedia":[{"embeddable":true,"href":"https:\/\/conakrynews.org\/index.php\/wp-json\/wp\/v2\/media\/2281"}],"wp:attachment":[{"href":"https:\/\/conakrynews.org\/index.php\/wp-json\/wp\/v2\/media?parent=2280"}],"wp:term":[{"taxonomy":"category","embeddable":true,"href":"https:\/\/conakrynews.org\/index.php\/wp-json\/wp\/v2\/categories?post=2280"},{"taxonomy":"post_tag","embeddable":true,"href":"https:\/\/conakrynews.org\/index.php\/wp-json\/wp\/v2\/tags?post=2280"}],"curies":[{"name":"wp","href":"https:\/\/api.w.org\/{rel}","templated":true}]}}