{"id":2283,"date":"2018-06-27T13:25:39","date_gmt":"2018-06-27T11:25:39","guid":{"rendered":"https:\/\/conakrynews.org\/?p=2283"},"modified":"2018-06-27T13:25:39","modified_gmt":"2018-06-27T11:25:39","slug":"conakry-gouvernement-guineen-collaboration-lue-lancent-projet-sanita-villes-propres","status":"publish","type":"post","link":"https:\/\/conakrynews.org\/index.php\/conakry-gouvernement-guineen-collaboration-lue-lancent-projet-sanita-villes-propres\/","title":{"rendered":"Conakry : Le gouvernement Guin\u00e9en en collaboration avec L\u2019UE lancent le  projet  SANITA-Villes-Propres"},"content":{"rendered":"<p><strong><em>\u00a0Le vendredi 22 juin 2018 \u00e0 Conakry, les responsables du \u00a0minist\u00e8re de la ville et de l&rsquo;am\u00e9nagement du territoire et le minist\u00e8re de l&rsquo;administration du territoire ont proc\u00e9d\u00e9 \u00a0\u00a0au \u00a0lancement du projet \u00a0\u00bbSANITA- villes propres\u00a0\u00bb. Ledit projet d\u2019assainissement\u00a0 est financ\u00e9 par l\u2019union europ\u00e9enne, la \u00a0mise en \u0153uvre\u00a0 du projet \u00a0sera faite par Enabel qui est une agence belge de d\u00e9veloppement.<\/em><\/strong><\/p>\n<p>La gestion des d\u00e9chets dans les milieux urbains est devenue une probl\u00e9matique en guin\u00e9e. Face \u00e0 cette situation, l&rsquo;Union europ\u00e9enne et le gouvernement guin\u00e9en ont int\u00e9gr\u00e9 l&rsquo;assainissement urbain comme secteur de concentration dans le programme indicatif national du 11\u0113me \u00a0fond europ\u00e9en de d\u00e9veloppement (FED).<br \/>\nSANITA-villes propres visent particuli\u00e8rement \u00e0 professionnaliser la fili\u00e8re de gestion des d\u00e9chets solides afin de mettre en place un syst\u00e8me de gestion performant et durable \u00a0au sein de la capitale. Ce projet Sanita-villes propres mise en \u0153uvre par l&rsquo;agence belge de d\u00e9veloppement\u00a0\u00a0 \u00e0 une enveloppe financi\u00e8re de\u00a0\u00a0 35 millions d&rsquo;euros.L&rsquo;am\u00e9lioration du syst\u00e8me de collecte porte \u00e0 porte des d\u00e9chets de quartiers de Conakry et de Kindia dans un premier temps.<\/p>\n<p>&nbsp;<\/p>\n<p><img loading=\"lazy\" decoding=\"async\" class=\"alignnone size-medium wp-image-2284\" src=\"https:\/\/conakrynews.org\/wp-content\/uploads\/2018\/06\/sanita2-1-515x290.jpg\" alt=\"\" width=\"515\" height=\"290\" srcset=\"https:\/\/conakrynews.org\/wp-content\/uploads\/2018\/06\/sanita2-1-515x290.jpg 515w, https:\/\/conakrynews.org\/wp-content\/uploads\/2018\/06\/sanita2-1-768x432.jpg 768w\" sizes=\"auto, (max-width: 515px) 100vw, 515px\" \/>Au niveau \u00a0la ville de Conakry, le programme s&rsquo;articule autour de trois phases: premi\u00e8re phase inclut un travail sur les points de regroupements des d\u00e9chets; deuxi\u00e8me phase mettra en \u0153uvre les actions prioritaires de cette \u00e9tude ainsi que le d\u00e9senclavement des quartiers prioritaires principalement dans les communes de Ratoma et de Matoto. Troisi\u00e8me phases sera consacr\u00e9e par un volet de sensibilisation de la population.<\/p>\n<p>Pr\u00e9sent \u00e0 cette c\u00e9r\u00e9monie de lancement, le directeur g\u00e9n\u00e9ral de l&rsquo;agence nationale de l&rsquo;assainissement et de la salubrit\u00e9 publique, Mr. Sory Camara a expliqu\u00e9 :\u00a0\u00ab\u00a0Nous avons d\u00e9cid\u00e9 avec l&rsquo;appui de nos partenaires de cr\u00e9er les meilleures conditions possibles \u00a0pour un cadre de vie normale pour la population de Conakry et celle de l&rsquo;int\u00e9rieur. Ce programme dont nous venons d&rsquo;assister le lancement ob\u00e9it \u00e0 la mise en place l&rsquo;une des composantes les plus importante.C&rsquo;est celle de l&rsquo;organisation du pr\u00e9 collecte, c&rsquo;est \u00e0 dire les d\u00e9chets collect\u00e9s au niveau des m\u00e9nages et les mettre aux points de regroupement qui vont \u00eatre am\u00e9nag\u00e9s et financ\u00e9s par l&rsquo;UE\u00a0\u00bb\u00a0, explique \u00a0t-il.<\/p>\n<p>De rench\u00e9rir, il a dit :\u00a0\u00ab il aura \u00a0\u00a0deux volets de traitement. Nous allons faire en sorte\u00a0 pour qu\u2019il ait \u00a0la fili\u00e8re de valorisation des d\u00e9chets qui ne peuvent pas \u00eatre recycl\u00e9s\u00a0; cela \u00a0partira des points de regroupement qui vont \u00eatre am\u00e9nag\u00e9s et le deuxi\u00e8me\u00a0 volet s\u2019accentuera sur \u00a0les d\u00e9chets qui ne sont pas recyclables seront transf\u00e9r\u00e9s au niveau des d\u00e9charges am\u00e9nag\u00e9s\u00a0\u00bb.<br \/>\nPour mettre un terme \u00e0 ses propos , il a lanc\u00e9 un appel \u00a0 \u00e0 la population \u00a0pour \u00a0la prise de conscience\u00a0 dans le cadre de \u00a0la gestion des d\u00e9chets\u00a0\u00a0 pour mieux\u00a0 appuyer \u00a0les partenaires qui viennent en aide. \u00ab\u00a0Les d\u00e9chets sont source de d&#8217;emploi.<br \/>\nA\u00a0\u00a0 noter \u00a0que la ville de Conakry produit 1200 tonnes d\u00e9chets par jour et \u00a0pour l\u2019acheminement de ces \u00a0ordures le gouvernement pr\u00e9voit un site dans la zone de Coyah.<\/p>\n<p>Oumar Konat\u00e9 pour <a href=\"https:\/\/conakrynews.org\">www.conakrynews.org<\/a> <strong>621\u00a0077\u00a0446<\/strong><\/p>\n<p>&nbsp;<\/p>\n<p><strong>\u00a0<\/strong><\/p>\n","protected":false},"excerpt":{"rendered":"<p>\u00a0Le vendredi 22 juin 2018 \u00e0 Conakry, les responsables du \u00a0minist\u00e8re de la ville et de l&rsquo;am\u00e9nagement du territoire et le minist\u00e8re de l&rsquo;administration du territoire ont proc\u00e9d\u00e9 \u00a0\u00a0au \u00a0lancement du projet \u00a0\u00bbSANITA- villes propres\u00a0\u00bb. Ledit projet d\u2019assainissement\u00a0 est financ\u00e9 par l\u2019union europ\u00e9enne, la \u00a0mise en \u0153uvre\u00a0 du projet \u00a0sera faite par Enabel qui est [&hellip;]<\/p>\n","protected":false},"author":2,"featured_media":2284,"comment_status":"open","ping_status":"open","sticky":false,"template":"","format":"standard","meta":{"footnotes":""},"categories":[1],"tags":[],"class_list":{"0":"post-2283","1":"post","2":"type-post","3":"status-publish","4":"format-standard","5":"has-post-thumbnail","7":"category-non-classe"},"_links":{"self":[{"href":"https:\/\/conakrynews.org\/index.php\/wp-json\/wp\/v2\/posts\/2283","targetHints":{"allow":["GET"]}}],"collection":[{"href":"https:\/\/conakrynews.org\/index.php\/wp-json\/wp\/v2\/posts"}],"about":[{"href":"https:\/\/conakrynews.org\/index.php\/wp-json\/wp\/v2\/types\/post"}],"author":[{"embeddable":true,"href":"https:\/\/conakrynews.org\/index.php\/wp-json\/wp\/v2\/users\/2"}],"replies":[{"embeddable":true,"href":"https:\/\/conakrynews.org\/index.php\/wp-json\/wp\/v2\/comments?post=2283"}],"version-history":[{"count":0,"href":"https:\/\/conakrynews.org\/index.php\/wp-json\/wp\/v2\/posts\/2283\/revisions"}],"wp:featuredmedia":[{"embeddable":true,"href":"https:\/\/conakrynews.org\/index.php\/wp-json\/wp\/v2\/media\/2284"}],"wp:attachment":[{"href":"https:\/\/conakrynews.org\/index.php\/wp-json\/wp\/v2\/media?parent=2283"}],"wp:term":[{"taxonomy":"category","embeddable":true,"href":"https:\/\/conakrynews.org\/index.php\/wp-json\/wp\/v2\/categories?post=2283"},{"taxonomy":"post_tag","embeddable":true,"href":"https:\/\/conakrynews.org\/index.php\/wp-json\/wp\/v2\/tags?post=2283"}],"curies":[{"name":"wp","href":"https:\/\/api.w.org\/{rel}","templated":true}]}}