{"id":22890,"date":"2023-08-16T10:27:18","date_gmt":"2023-08-16T10:27:18","guid":{"rendered":"https:\/\/conakrynews.org\/?p=22890"},"modified":"2023-08-16T10:27:18","modified_gmt":"2023-08-16T10:27:18","slug":"lallemagne-va-devoiler-un-projet-de-loi-pour-legaliser-le-cannabis","status":"publish","type":"post","link":"https:\/\/conakrynews.org\/index.php\/lallemagne-va-devoiler-un-projet-de-loi-pour-legaliser-le-cannabis\/","title":{"rendered":"L\u2019Allemagne va d\u00e9voiler un projet de loi pour l\u00e9galiser le cannabis"},"content":{"rendered":"<p>Un projet de loi qui permettrait l\u00e9galement aux gens d\u2019utiliser et de cultiver du cannabis doit \u00eatre soumis aux l\u00e9gislateurs pour examen. Mais de nombreuses voix s\u2019opposent \u00e0 la l\u00e9galisation de la drogue \u00e0 des fins r\u00e9cr\u00e9atives.<\/p>\n<p>Un projet de loi controvers\u00e9 sur la l\u00e9galisation de l\u2019usage r\u00e9cr\u00e9atif du cannabis doit \u00eatre d\u00e9voil\u00e9 mercredi par le ministre de la Sant\u00e9 Karl Lauterbach apr\u00e8s avoir \u00e9t\u00e9 discut\u00e9 par le cabinet allemand.<\/p>\n<p>Les partisans de la consommation l\u00e9gale de cannabis au sein du gouvernement de coalition allemand visent \u00e0 l\u00e9galiser la drogue cette ann\u00e9e, mais se heurteront \u00e0 la r\u00e9sistance des l\u00e9gislateurs conservateurs.<\/p>\n<p>Que pr\u00e9voit l\u2019avant-projet de loi ?<br \/>\nLe projet de loi permettrait aux personnes de plus de 18 ans de poss\u00e9der jusqu\u2019\u00e0 25 grammes (0,9 once) de cannabis et de cultiver jusqu\u2019\u00e0 trois plantes pour leur usage personnel.  <\/p>\n<p>Il stipule \u00e9galement que la drogue peut \u00eatre mise \u00e0 disposition par l\u2019interm\u00e9diaire de soi-disant clubs de cannabis. <\/p>\n<p>Cependant, en vertu de la loi, aucun produit \u00e0 base de cannabis ne serait autoris\u00e9 \u00e0 \u00eatre utilis\u00e9 dans les clubs eux-m\u00eames ou dans un rayon de 250 m\u00e8tres (820 pieds).<\/p>\n<p>La loi exigera une \u00ab surveillance du cannabis \u00bb: un d\u00e9put\u00e9 du SPD<br \/>\nAvant le d\u00e9voilement du projet de loi, plusieurs l\u00e9gislateurs ont exprim\u00e9 leurs r\u00e9serves sur le projet de loi.<\/p>\n<p>Parmi eux figure le ministre de l\u2019Int\u00e9rieur de la cit\u00e9-Etat de Hambourg, Andy Grote, qui appartient aux sociaux-d\u00e9mocrates (SPD), le parti du chancelier Olaf Scholz.<\/p>\n<p>\u00ab S\u2019il y a quelque chose dont nous n\u2019avons pas besoin, alors c\u2019est cette loi \u00bb, a d\u00e9clar\u00e9 Grote \u00e0 la cha\u00eene de t\u00e9l\u00e9vision publique NDR. \u00ab Les exp\u00e9riences d\u2019autres pays montrent que la l\u00e9galisation provoque une forte augmentation de la consommation, avec tous ses risques et effets secondaires. \u00bb<\/p>\n<p>Grote a \u00e9galement \u00e9mis des doutes quant \u00e0 savoir si la l\u00e9galisation de la consommation de cannabis \u00e0 des fins r\u00e9cr\u00e9atives entra\u00eenerait une r\u00e9duction du commerce sur le march\u00e9 noir, comme le pr\u00e9tendent souvent les partisans de cette d\u00e9cision.<\/p>\n<p>\u00ab Il est \u00e0 craindre que le cannabis ill\u00e9gal ne soit tr\u00e8s demand\u00e9 en raison de sa puissance plus \u00e9lev\u00e9e et de ses prix moins chers et que le march\u00e9 noir et le march\u00e9 l\u00e9gal ne se confondent \u00bb, a-t-il d\u00e9clar\u00e9.<\/p>\n<p>Grote a \u00e9galement d\u00e9clar\u00e9 que la r\u00e9glementation de la consommation de cannabis n\u00e9cessiterait \u00ab une bureaucratie compl\u00e8te de surveillance du cannabis \u00bb pour s\u2019assurer que toutes ses stipulations sont respect\u00e9es.<\/p>\n<p>Opposition conservatrice<br \/>\nLes l\u00e9gislateurs conservateurs de plusieurs \u00c9tats se sont \u00e9galement prononc\u00e9s contre le projet de loi.<\/p>\n<p>Le ministre de l\u2019Int\u00e9rieur de l\u2019\u00c9tat oriental de Saxe, Armin Schuster, de l\u2019opposition chr\u00e9tienne-d\u00e9mocrate (CDU), a d\u00e9clar\u00e9 \u00e0 la salle de presse de l\u2019entreprise Redaktionsnetzwerk Deutschland que \u00ab cette loi entra\u00eenera une perte totale de contr\u00f4le \u00bb.<\/p>\n<p>Schuster a \u00e9galement accus\u00e9 le gouvernement de nuire potentiellement \u00e0 la sant\u00e9 psychologique des enfants et des jeunes en particulier.<\/p>\n<p>Le projet de loi doit \u00eatre d\u00e9battu par la chambre basse du parlement, le Bundestag, apr\u00e8s les vacances d\u2019\u00e9t\u00e9 et subira probablement un certain nombre de changements dans le processus.<\/p>\n<p>La chambre haute du parlement, le Bundesrat, discutera \u00e9galement du projet de loi, bien que son approbation ne soit pas requise pour que la loi soit adopt\u00e9e, selon le minist\u00e8re de la Sant\u00e9.<\/p>\n<p>Pendant que vous \u00eates ici : Tous les mardis, les r\u00e9dacteurs de DW font le tour de ce qui se passe dans la politique et la soci\u00e9t\u00e9 allemandes. Vous pouvez vous inscrire ici pour la newsletter hebdomadaire par e-mail Berlin Briefing.<\/p>\n<p>Avec DW<\/p>\n","protected":false},"excerpt":{"rendered":"<p>Un projet de loi qui permettrait l\u00e9galement aux gens d\u2019utiliser et de cultiver du cannabis doit \u00eatre soumis aux l\u00e9gislateurs pour examen. Mais de nombreuses voix s\u2019opposent \u00e0 la l\u00e9galisation de la drogue \u00e0 des fins r\u00e9cr\u00e9atives. Un projet de loi controvers\u00e9 sur la l\u00e9galisation de l\u2019usage r\u00e9cr\u00e9atif du cannabis doit \u00eatre d\u00e9voil\u00e9 mercredi par [&hellip;]<\/p>\n","protected":false},"author":2,"featured_media":22891,"comment_status":"closed","ping_status":"closed","sticky":false,"template":"","format":"standard","meta":{"footnotes":""},"categories":[58],"tags":[],"class_list":{"0":"post-22890","1":"post","2":"type-post","3":"status-publish","4":"format-standard","5":"has-post-thumbnail","7":"category-societe"},"_links":{"self":[{"href":"https:\/\/conakrynews.org\/index.php\/wp-json\/wp\/v2\/posts\/22890","targetHints":{"allow":["GET"]}}],"collection":[{"href":"https:\/\/conakrynews.org\/index.php\/wp-json\/wp\/v2\/posts"}],"about":[{"href":"https:\/\/conakrynews.org\/index.php\/wp-json\/wp\/v2\/types\/post"}],"author":[{"embeddable":true,"href":"https:\/\/conakrynews.org\/index.php\/wp-json\/wp\/v2\/users\/2"}],"replies":[{"embeddable":true,"href":"https:\/\/conakrynews.org\/index.php\/wp-json\/wp\/v2\/comments?post=22890"}],"version-history":[{"count":0,"href":"https:\/\/conakrynews.org\/index.php\/wp-json\/wp\/v2\/posts\/22890\/revisions"}],"wp:featuredmedia":[{"embeddable":true,"href":"https:\/\/conakrynews.org\/index.php\/wp-json\/wp\/v2\/media\/22891"}],"wp:attachment":[{"href":"https:\/\/conakrynews.org\/index.php\/wp-json\/wp\/v2\/media?parent=22890"}],"wp:term":[{"taxonomy":"category","embeddable":true,"href":"https:\/\/conakrynews.org\/index.php\/wp-json\/wp\/v2\/categories?post=22890"},{"taxonomy":"post_tag","embeddable":true,"href":"https:\/\/conakrynews.org\/index.php\/wp-json\/wp\/v2\/tags?post=22890"}],"curies":[{"name":"wp","href":"https:\/\/api.w.org\/{rel}","templated":true}]}}