{"id":22913,"date":"2023-08-17T16:15:59","date_gmt":"2023-08-17T16:15:59","guid":{"rendered":"https:\/\/conakrynews.org\/?p=22913"},"modified":"2023-08-17T16:16:15","modified_gmt":"2023-08-17T16:16:15","slug":"senegal-lopposant-ousmane-sonko-a-ete-admis-en-reanimation","status":"publish","type":"post","link":"https:\/\/conakrynews.org\/index.php\/senegal-lopposant-ousmane-sonko-a-ete-admis-en-reanimation\/","title":{"rendered":"S\u00e9n\u00e9gal: l\u2019opposant Ousmane Sonko a \u00e9t\u00e9 admis en r\u00e9animation"},"content":{"rendered":"<p>Au S\u00e9n\u00e9gal, l\u2019opposant Ousmane Sonko a \u00e9t\u00e9 admis en r\u00e9animation dans la nuit du 16 au 17 ao\u00fbt 2023 selon ses avocats et les autorit\u00e9s p\u00e9nitentiaires. En gr\u00e8ve de la faim depuis son incarc\u00e9ration le 31 juillet, il \u00e9tait d\u00e9j\u00e0 hospitalis\u00e9 \u00e0 Dakar depuis le 6 ao\u00fbt et se trouvait dans un \u00e9tat de sant\u00e9 alarmant selon ses proches. L\u2019opposant, d\u00e9j\u00e0 condamn\u00e9 \u00e0 deux reprises, est vis\u00e9 par sept chefs d\u2019accusation dont appel \u00e0 l\u2019insurrection. D\u2019autres d\u00e9tenus sympathisants d\u2019Ousmane Sonko sont \u00e9galement en gr\u00e8ve de la faim par solidarit\u00e9.<\/p>\n<p>Avec RFI<\/p>\n","protected":false},"excerpt":{"rendered":"<p>Au S\u00e9n\u00e9gal, l\u2019opposant Ousmane Sonko a \u00e9t\u00e9 admis en r\u00e9animation dans la nuit du 16 au 17 ao\u00fbt 2023 selon ses avocats et les autorit\u00e9s p\u00e9nitentiaires. En gr\u00e8ve de la faim depuis son incarc\u00e9ration le 31 juillet, il \u00e9tait d\u00e9j\u00e0 hospitalis\u00e9 \u00e0 Dakar depuis le 6 ao\u00fbt et se trouvait dans un \u00e9tat de sant\u00e9 [&hellip;]<\/p>\n","protected":false},"author":2,"featured_media":22914,"comment_status":"closed","ping_status":"closed","sticky":false,"template":"","format":"standard","meta":{"footnotes":""},"categories":[58],"tags":[],"class_list":{"0":"post-22913","1":"post","2":"type-post","3":"status-publish","4":"format-standard","5":"has-post-thumbnail","7":"category-societe"},"_links":{"self":[{"href":"https:\/\/conakrynews.org\/index.php\/wp-json\/wp\/v2\/posts\/22913","targetHints":{"allow":["GET"]}}],"collection":[{"href":"https:\/\/conakrynews.org\/index.php\/wp-json\/wp\/v2\/posts"}],"about":[{"href":"https:\/\/conakrynews.org\/index.php\/wp-json\/wp\/v2\/types\/post"}],"author":[{"embeddable":true,"href":"https:\/\/conakrynews.org\/index.php\/wp-json\/wp\/v2\/users\/2"}],"replies":[{"embeddable":true,"href":"https:\/\/conakrynews.org\/index.php\/wp-json\/wp\/v2\/comments?post=22913"}],"version-history":[{"count":0,"href":"https:\/\/conakrynews.org\/index.php\/wp-json\/wp\/v2\/posts\/22913\/revisions"}],"wp:featuredmedia":[{"embeddable":true,"href":"https:\/\/conakrynews.org\/index.php\/wp-json\/wp\/v2\/media\/22914"}],"wp:attachment":[{"href":"https:\/\/conakrynews.org\/index.php\/wp-json\/wp\/v2\/media?parent=22913"}],"wp:term":[{"taxonomy":"category","embeddable":true,"href":"https:\/\/conakrynews.org\/index.php\/wp-json\/wp\/v2\/categories?post=22913"},{"taxonomy":"post_tag","embeddable":true,"href":"https:\/\/conakrynews.org\/index.php\/wp-json\/wp\/v2\/tags?post=22913"}],"curies":[{"name":"wp","href":"https:\/\/api.w.org\/{rel}","templated":true}]}}