{"id":2293,"date":"2018-06-29T12:54:33","date_gmt":"2018-06-29T10:54:33","guid":{"rendered":"https:\/\/conakrynews.org\/?p=2293"},"modified":"2018-07-03T11:39:47","modified_gmt":"2018-07-03T09:39:47","slug":"guinee-interdiction-activites-peches-industrielles-ministre-frederic-loua","status":"publish","type":"post","link":"https:\/\/conakrynews.org\/index.php\/guinee-interdiction-activites-peches-industrielles-ministre-frederic-loua\/","title":{"rendered":"Guin\u00e9e : Interdiction des activit\u00e9s   de la p\u00eache industrielle  par le Ministre FREDERIC LOUA"},"content":{"rendered":"<p><strong>Le Vendredi\u00a0 29 juin 2018 \u00e0 Conakry, le ministre des p\u00eaches, de l\u2019Aquaculture et de l\u2019\u00c9conomie Maritime, M. Fr\u00e9d\u00e9ric Loua a proc\u00e9d\u00e9 \u00e0 une d\u00e9claration interdisant \u00a0\u00a0toutes \u00a0les activit\u00e9s des p\u00eaches industrielles sur toute l\u2019\u00e9tendue territoire national Guin\u00e9en pour une p\u00e9riode de deux\u00a0 mois. Cette mesure rentrera en vigueur \u00e0 partir du 1<sup>er<\/sup> juillet 2018 et\u00a0 prendra \u00a0fin le\u00a0 \u00a031 Ao\u00fbt 2018.<\/strong><\/p>\n<p><strong>Nous vous invitons de lire \u00a0l\u2019int\u00e9gralit\u00e9 de la d\u00e9claration du Ministre\u00a0! <\/strong><\/p>\n<p>En application des dispositions du plan D\u2019am\u00e9nagement et de Gestion des p\u00eacheries pour l\u2019ann\u00e9e 2018 adopt\u00e9 par l\u2019Arr\u00eat\u00e9 N\u00b0 a\/2017\/6806\/MPAEM\/CAB du 29 D\u00e9cembre 2017,il est port\u00e9 \u00e0 la connaissance\u00a0 de tous les op\u00e9rateurs secteur de la fermeture ,aux activit\u00e9s de p\u00eache industrielle, de la zone maritimes sous juridiction de la R\u00e9publique de Guin\u00e9e qui s\u2019\u00e9tend jusqu\u2019\u00e0 la limite de 60 milles marins, calcul\u00e9e \u00e0 partir de la ligne de base.<\/p>\n<p>&nbsp;<\/p>\n<p><img loading=\"lazy\" decoding=\"async\" class=\"alignnone size-medium wp-image-2294\" src=\"https:\/\/conakrynews.org\/wp-content\/uploads\/2018\/06\/Loua-p\u00eache-500x375.jpg\" alt=\"\" width=\"500\" height=\"375\" srcset=\"https:\/\/conakrynews.org\/wp-content\/uploads\/2018\/06\/Loua-p\u00eache-500x375.jpg 500w, https:\/\/conakrynews.org\/wp-content\/uploads\/2018\/06\/Loua-p\u00eache-768x576.jpg 768w, https:\/\/conakrynews.org\/wp-content\/uploads\/2018\/06\/Loua-p\u00eache.jpg 960w\" sizes=\"auto, (max-width: 500px) 100vw, 500px\" \/>La p\u00e9riode de fermeture s\u2019\u00e9tend du 1 juillet 2018 \u00e0 00 TU au 31 ao\u00fbt 2018 \u00e0 00 TU. Il reste entendu que cette disposition ne s\u2019applique pas aux activit\u00e9s de p\u00eache artisanale.<\/p>\n<p>Cette mesure de fermeture momentan\u00e9e qui co\u00efncide \u00e0 la p\u00e9riode de reproduction des principales esp\u00e8ces de poissons, vise \u00e0 favoriser la reconstitution\u00a0 des ressources halieutiques afin d\u2019en assurer l\u2019exploitation durable.<\/p>\n<p>&nbsp;<\/p>\n<p>Pendant cette p\u00e9riode, la surveillance sera renforc\u00e9e \u00e0 travers la synergie de toutes les structures de <strong>contr\u00f4le <\/strong>et de surveillance de l\u2019Etat par la mutualisation de leurs moyens et \u00e9quipements.<\/p>\n<p>Ainsi, tous\u00a0 navires r\u00e9fractaires s\u2019exposent \u00e0 la rigueur\u00a0 de la loi.<\/p>\n<p>Le centre Nation de Surveillance et de Police des p\u00eaches, la Pr\u00e9fecture Maritime, la Marine Nationale, la Gendarmerie Maritimer, sont charg\u00e9s, chacun en ce qui le concerne, de l\u2019application correcte du pr\u00e9sent communiqu\u00e9.<\/p>\n<p><strong>Propos recueillis \u00a0par Sylla Ibrahima KALIL\u00a0: 625444534<\/strong><\/p>\n<p>&nbsp;<\/p>\n","protected":false},"excerpt":{"rendered":"<p>Le Vendredi\u00a0 29 juin 2018 \u00e0 Conakry, le ministre des p\u00eaches, de l\u2019Aquaculture et de l\u2019\u00c9conomie Maritime, M. Fr\u00e9d\u00e9ric Loua a proc\u00e9d\u00e9 \u00e0 une d\u00e9claration interdisant \u00a0\u00a0toutes \u00a0les activit\u00e9s des p\u00eaches industrielles sur toute l\u2019\u00e9tendue territoire national Guin\u00e9en pour une p\u00e9riode de deux\u00a0 mois. Cette mesure rentrera en vigueur \u00e0 partir du 1er juillet 2018 [&hellip;]<\/p>\n","protected":false},"author":2,"featured_media":2294,"comment_status":"open","ping_status":"open","sticky":false,"template":"","format":"standard","meta":{"footnotes":""},"categories":[58],"tags":[],"class_list":{"0":"post-2293","1":"post","2":"type-post","3":"status-publish","4":"format-standard","5":"has-post-thumbnail","7":"category-societe"},"_links":{"self":[{"href":"https:\/\/conakrynews.org\/index.php\/wp-json\/wp\/v2\/posts\/2293","targetHints":{"allow":["GET"]}}],"collection":[{"href":"https:\/\/conakrynews.org\/index.php\/wp-json\/wp\/v2\/posts"}],"about":[{"href":"https:\/\/conakrynews.org\/index.php\/wp-json\/wp\/v2\/types\/post"}],"author":[{"embeddable":true,"href":"https:\/\/conakrynews.org\/index.php\/wp-json\/wp\/v2\/users\/2"}],"replies":[{"embeddable":true,"href":"https:\/\/conakrynews.org\/index.php\/wp-json\/wp\/v2\/comments?post=2293"}],"version-history":[{"count":0,"href":"https:\/\/conakrynews.org\/index.php\/wp-json\/wp\/v2\/posts\/2293\/revisions"}],"wp:featuredmedia":[{"embeddable":true,"href":"https:\/\/conakrynews.org\/index.php\/wp-json\/wp\/v2\/media\/2294"}],"wp:attachment":[{"href":"https:\/\/conakrynews.org\/index.php\/wp-json\/wp\/v2\/media?parent=2293"}],"wp:term":[{"taxonomy":"category","embeddable":true,"href":"https:\/\/conakrynews.org\/index.php\/wp-json\/wp\/v2\/categories?post=2293"},{"taxonomy":"post_tag","embeddable":true,"href":"https:\/\/conakrynews.org\/index.php\/wp-json\/wp\/v2\/tags?post=2293"}],"curies":[{"name":"wp","href":"https:\/\/api.w.org\/{rel}","templated":true}]}}