{"id":2322,"date":"2018-07-05T12:24:39","date_gmt":"2018-07-05T10:24:39","guid":{"rendered":"https:\/\/conakrynews.org\/?p=2322"},"modified":"2018-07-05T12:24:39","modified_gmt":"2018-07-05T10:24:39","slug":"guinee-lassociation-mains-tendues-installe-antenne-a-conakry","status":"publish","type":"post","link":"https:\/\/conakrynews.org\/index.php\/guinee-lassociation-mains-tendues-installe-antenne-a-conakry\/","title":{"rendered":"Guin\u00e9e: l\u2019Association Mains Tendues installe son antenne \u00e0 Conakry"},"content":{"rendered":"<p><em>L\u2019Association Mains Tenues (AMT) a officiellement install\u00e9 ce mercredi, 04 juillet 2018 \u00e0 Conakry son antenne \u00e0 Conakry. C\u2019est\u00a0 la salle de conf\u00e9rence de la maison des jeunes de Coleyah qui a servi de cadre \u00e0 cette c\u00e9r\u00e9monie, qui s\u2019est d\u00e9roul\u00e9e \u00a0en pr\u00e9sence de sa pr\u00e9sidente Mme Mariama Camara (sur la photo, habill\u00e9e en bazin rouge), \u00a0des membres et des invit\u00e9s.<\/em><\/p>\n<p>&nbsp;<\/p>\n<p>Selon le repr\u00e9sentant de l\u2019antenne de Conakry, Charles Siapha Sandouno, la mission\u00a0 de son antenne vise \u00e0 cordonner les activit\u00e9s de l\u2019AMT en Guin\u00e9e dans les domaines \u00a0\u00e0 savoir, l\u2019\u00e9ducation nationale des filles et fils de la R\u00e9publique de Guin\u00e9e\u00a0; la sensibilisation de masse sur des th\u00e9matiques int\u00e9ressant nos populations\u00a0; la d\u00e9fense des droits de l\u2019enfant et de la femme pour un monde juste et meilleur o\u00f9 il fait beau de vivre\u00a0; l\u2019assistance aux couches vuln\u00e9rables de notre pays (enfants, femmes, handicap\u00e9s, d\u00e9sh\u00e9rit\u00e9s, immigr\u00e9s, etc )\u00a0; l\u2019hygi\u00e8ne et l\u2019assainissement de notre habitat gage d\u2019une bonne sant\u00e9 publique de nos populations rurales et urbaines, etc.<\/p>\n<p>Flammeguinee.com<\/p>\n<p><img loading=\"lazy\" decoding=\"async\" class=\"alignnone size-medium wp-image-2323\" src=\"https:\/\/conakrynews.org\/wp-content\/uploads\/2018\/07\/iks-515x249.jpg\" alt=\"\" width=\"515\" height=\"249\" srcset=\"https:\/\/conakrynews.org\/wp-content\/uploads\/2018\/07\/iks-515x249.jpg 515w, https:\/\/conakrynews.org\/wp-content\/uploads\/2018\/07\/iks.jpg 620w\" sizes=\"auto, (max-width: 515px) 100vw, 515px\" \/><\/p>\n","protected":false},"excerpt":{"rendered":"<p>L\u2019Association Mains Tenues (AMT) a officiellement install\u00e9 ce mercredi, 04 juillet 2018 \u00e0 Conakry son antenne \u00e0 Conakry. C\u2019est\u00a0 la salle de conf\u00e9rence de la maison des jeunes de Coleyah qui a servi de cadre \u00e0 cette c\u00e9r\u00e9monie, qui s\u2019est d\u00e9roul\u00e9e \u00a0en pr\u00e9sence de sa pr\u00e9sidente Mme Mariama Camara (sur la photo, habill\u00e9e en bazin [&hellip;]<\/p>\n","protected":false},"author":2,"featured_media":2323,"comment_status":"open","ping_status":"open","sticky":false,"template":"","format":"standard","meta":{"footnotes":""},"categories":[58],"tags":[],"class_list":{"0":"post-2322","1":"post","2":"type-post","3":"status-publish","4":"format-standard","5":"has-post-thumbnail","7":"category-societe"},"_links":{"self":[{"href":"https:\/\/conakrynews.org\/index.php\/wp-json\/wp\/v2\/posts\/2322","targetHints":{"allow":["GET"]}}],"collection":[{"href":"https:\/\/conakrynews.org\/index.php\/wp-json\/wp\/v2\/posts"}],"about":[{"href":"https:\/\/conakrynews.org\/index.php\/wp-json\/wp\/v2\/types\/post"}],"author":[{"embeddable":true,"href":"https:\/\/conakrynews.org\/index.php\/wp-json\/wp\/v2\/users\/2"}],"replies":[{"embeddable":true,"href":"https:\/\/conakrynews.org\/index.php\/wp-json\/wp\/v2\/comments?post=2322"}],"version-history":[{"count":0,"href":"https:\/\/conakrynews.org\/index.php\/wp-json\/wp\/v2\/posts\/2322\/revisions"}],"wp:featuredmedia":[{"embeddable":true,"href":"https:\/\/conakrynews.org\/index.php\/wp-json\/wp\/v2\/media\/2323"}],"wp:attachment":[{"href":"https:\/\/conakrynews.org\/index.php\/wp-json\/wp\/v2\/media?parent=2322"}],"wp:term":[{"taxonomy":"category","embeddable":true,"href":"https:\/\/conakrynews.org\/index.php\/wp-json\/wp\/v2\/categories?post=2322"},{"taxonomy":"post_tag","embeddable":true,"href":"https:\/\/conakrynews.org\/index.php\/wp-json\/wp\/v2\/tags?post=2322"}],"curies":[{"name":"wp","href":"https:\/\/api.w.org\/{rel}","templated":true}]}}