{"id":2329,"date":"2018-07-07T12:56:15","date_gmt":"2018-07-07T10:56:15","guid":{"rendered":"https:\/\/conakrynews.org\/?p=2329"},"modified":"2018-07-07T12:56:15","modified_gmt":"2018-07-07T10:56:15","slug":"ogp-mort-vivant-devient-directeur-general","status":"publish","type":"post","link":"https:\/\/conakrynews.org\/index.php\/ogp-mort-vivant-devient-directeur-general\/","title":{"rendered":"OGP : quand un mort vivant devient Directeur g\u00e9n\u00e9ral"},"content":{"rendered":"<p>Le\u00a0 moins que l\u2019on puisse dire, des guin\u00e9ens ne cesseront plus de pleurer\u00a0 \u00e0 cause des nominations politiques et sans comp\u00e9tences du pr\u00e9sident de la R\u00e9publique \u00a0\u00e0\u00a0 \u00a0des postes strat\u00e9giques de l\u2019administration du pays.<\/p>\n<p>&nbsp;<\/p>\n<p>Le cas le plus illustratif et qui fait grincer les dents de la majorit\u00e9 des guin\u00e9ens ces derniers temps, c\u2019est la nomination d\u2019Ibrahima Capi Camara au poste de Directeur G\u00e9n\u00e9ral de l\u2019office guin\u00e9en des publicit\u00e9s en remplacement de Paul Moussa Diawara limog\u00e9 pour\u00a0 malversation financi\u00e8re, selon le d\u00e9cret lu sur les ondes de la RTG.<\/p>\n<p>&nbsp;<\/p>\n<p>D\u00e8s le lendemain de la nomination d\u2019Ibrahima Capi Camara \u00e0 ce poste, bon nombres de guin\u00e9ens qui connaissent sa gestion opaque et\u00a0 son pass\u00e9 catholique \u00e0 la t\u00eate de Novotel o\u00f9 l\u2019h\u00f4tel d\u2019ind\u00e9pendance, autrefois meilleur h\u00f4tel de la Guin\u00e9e avant sa nomination ont cri\u00e9 au scandale. Selon ces citoyens depuis l\u2019arriv\u00e9e de cet homme \u00a0dans ce r\u00e9ceptif h\u00f4telier, il n\u2019a connu aucun succ\u00e8s sauf des r\u00e9gressions au d\u00e9triment de certains complexes h\u00f4teliers construits par des particuliers.<\/p>\n<p>Interrog\u00e9 sur cette nomination, un citoyen nous a dit que la gestion de Paul Moussa Diawara sur son lit de malade et dans un \u00e9tat de coma est mille fois meilleure\u00a0 que \u00a0celle de Capi Camara. Son pass\u00e9 en dit mieux, a-t-il conclu.<\/p>\n<p>&nbsp;<\/p>\n<figure id=\"attachment_2330\" aria-describedby=\"caption-attachment-2330\" style=\"width: 364px\" class=\"wp-caption alignnone\"><img loading=\"lazy\" decoding=\"async\" class=\"size-medium wp-image-2330\" src=\"https:\/\/conakrynews.org\/wp-content\/uploads\/2018\/07\/capi-364x375.jpg\" alt=\"\" width=\"364\" height=\"375\" srcset=\"https:\/\/conakrynews.org\/wp-content\/uploads\/2018\/07\/capi-364x375.jpg 364w, https:\/\/conakrynews.org\/wp-content\/uploads\/2018\/07\/capi.jpg 468w\" sizes=\"auto, (max-width: 364px) 100vw, 364px\" \/><figcaption id=\"caption-attachment-2330\" class=\"wp-caption-text\">?????????????????????????????????????????????????????????<\/figcaption><\/figure>\n<p>Pour prouver que cette nomination est un \u00e9chec comme le dit des guin\u00e9ens, il suffit d\u2019assister\u00a0 \u00e0 la passation de\u00a0 service qui a eu lieu ce jeudi 5 juillet dans la cour du minist\u00e8re de la communication.\u00a0 L\u2019homme s\u2019est fait entour\u00e9 de ses connaissances et un groupe de communicants dans les diff\u00e9rentes radios priv\u00e9es de la place pour transformer cette passation en festin comme si c\u2019\u00e9tait dans la cour du roi P\u00e9taud o\u00f9 tout est permis et rien n\u2019est interdit. La mission de ces accompagnateurs\u00a0 est distincte et sp\u00e9cifique. Certains c\u2019est pour montrer sa popularit\u00e9 devant des autorit\u00e9s pr\u00e9sentes \u00e0 la c\u00e9r\u00e9monie et d\u2019autres c\u2019est pour faire ces \u00e9loges dans les radios comme si l\u2019homme est venu d\u2019autres cieux, alors que son pass\u00e9 est connu de tous.<\/p>\n<p>&nbsp;<\/p>\n<p>Avec la nomination des personnes comme Capi Camara o\u00f9 le pr\u00e9sident Alpha Cond\u00e9 veut conduire la Guin\u00e9e\u00a0?<\/p>\n<p>Heureusement que le d\u00e9cret \u00e9mane d\u2019un pouvoir discr\u00e9tionnaire du pr\u00e9sident de la r\u00e9publique, sinon des millions de guin\u00e9ens allaient descendre dans la rue pour s\u2019opposer \u00e0 cette nomination.<\/p>\n<p>Que Dieu veille sur la Guin\u00e9e.<\/p>\n<p><strong>Daouda Yansan\u00e9<\/strong><\/p>\n<p><strong>\u00a0<\/strong><\/p>\n","protected":false},"excerpt":{"rendered":"<p>Le\u00a0 moins que l\u2019on puisse dire, des guin\u00e9ens ne cesseront plus de pleurer\u00a0 \u00e0 cause des nominations politiques et sans comp\u00e9tences du pr\u00e9sident de la R\u00e9publique \u00a0\u00e0\u00a0 \u00a0des postes strat\u00e9giques de l\u2019administration du pays. &nbsp; Le cas le plus illustratif et qui fait grincer les dents de la majorit\u00e9 des guin\u00e9ens ces derniers temps, c\u2019est [&hellip;]<\/p>\n","protected":false},"author":2,"featured_media":2330,"comment_status":"open","ping_status":"open","sticky":false,"template":"","format":"standard","meta":{"footnotes":""},"categories":[58],"tags":[],"class_list":{"0":"post-2329","1":"post","2":"type-post","3":"status-publish","4":"format-standard","5":"has-post-thumbnail","7":"category-societe"},"_links":{"self":[{"href":"https:\/\/conakrynews.org\/index.php\/wp-json\/wp\/v2\/posts\/2329","targetHints":{"allow":["GET"]}}],"collection":[{"href":"https:\/\/conakrynews.org\/index.php\/wp-json\/wp\/v2\/posts"}],"about":[{"href":"https:\/\/conakrynews.org\/index.php\/wp-json\/wp\/v2\/types\/post"}],"author":[{"embeddable":true,"href":"https:\/\/conakrynews.org\/index.php\/wp-json\/wp\/v2\/users\/2"}],"replies":[{"embeddable":true,"href":"https:\/\/conakrynews.org\/index.php\/wp-json\/wp\/v2\/comments?post=2329"}],"version-history":[{"count":0,"href":"https:\/\/conakrynews.org\/index.php\/wp-json\/wp\/v2\/posts\/2329\/revisions"}],"wp:featuredmedia":[{"embeddable":true,"href":"https:\/\/conakrynews.org\/index.php\/wp-json\/wp\/v2\/media\/2330"}],"wp:attachment":[{"href":"https:\/\/conakrynews.org\/index.php\/wp-json\/wp\/v2\/media?parent=2329"}],"wp:term":[{"taxonomy":"category","embeddable":true,"href":"https:\/\/conakrynews.org\/index.php\/wp-json\/wp\/v2\/categories?post=2329"},{"taxonomy":"post_tag","embeddable":true,"href":"https:\/\/conakrynews.org\/index.php\/wp-json\/wp\/v2\/tags?post=2329"}],"curies":[{"name":"wp","href":"https:\/\/api.w.org\/{rel}","templated":true}]}}