{"id":2332,"date":"2018-07-07T20:15:34","date_gmt":"2018-07-07T18:15:34","guid":{"rendered":"https:\/\/conakrynews.org\/?p=2332"},"modified":"2018-07-07T20:15:34","modified_gmt":"2018-07-07T18:15:34","slug":"lecture-de-declaration-cntg-ustg-sidi-diallo-semah-camara-nest-daccord","status":"publish","type":"post","link":"https:\/\/conakrynews.org\/index.php\/lecture-de-declaration-cntg-ustg-sidi-diallo-semah-camara-nest-daccord\/","title":{"rendered":"Lecture de la d\u00e9claration cntg-ustg par Sidi Diallo : Semah Camara n\u2019est pas d\u2019accord !"},"content":{"rendered":"<p><strong>Semah camara, le charg\u00e9 des <\/strong><strong>n\u00e9gociations<\/strong><strong> et conflits du \u00a0 \u00a0 \u00a0 \u00a0 \u00a0<img loading=\"lazy\" decoding=\"async\" class=\"alignnone size-medium wp-image-2333\" src=\"https:\/\/conakrynews.org\/wp-content\/uploads\/2018\/07\/semah-500x375.jpeg\" alt=\"\" width=\"500\" height=\"375\" srcset=\"https:\/\/conakrynews.org\/wp-content\/uploads\/2018\/07\/semah-500x375.jpeg 500w, https:\/\/conakrynews.org\/wp-content\/uploads\/2018\/07\/semah.jpeg 640w\" sizes=\"auto, (max-width: 500px) 100vw, 500px\" \/><\/strong><strong>Syndicat<\/strong><strong> des professionnels de la presse de Guin\u00e9e (sppg ) n\u2019est pas d\u2019accord avec la d\u00e9marche de son secr\u00e9taire g\u00e9n\u00e9ral, Sidi Diallo pour avoir lu une d\u00e9claration du cntg en collaboration avec ustg.<\/strong><\/p>\n<p>\u00bb je m\u2019oppose vigoureusement \u00e0 la \u00a0r\u00e9action de l\u2019Inter.centrale CNTG.USTG, car au nom de la structure pour laquelle sidi a lu la d\u00e9claration n\u2019est membre ni de l\u2019ustg,ni de la cntg,donc cette lecture faite par sidi diallo remet en cause la cr\u00e9dibilit\u00e9 de cette d\u00e9claration.<\/p>\n<p>Amadou Diallo et Louis m\u2019bemba savent tous que notre structure n\u2019est pas membre de leurs centrales syndicales.<\/p>\n<p>Notre combat est de d\u00e9fendre nos confr\u00e8res point trait\u00a0\u00bb.<\/p>\n<p>Interrog\u00e9, sidi Diallo a affirm\u00e9 que le probl\u00e8me a \u00e9t\u00e9 r\u00e9gl\u00e9 \u00e0 \u00a0l\u2019Interne, ce que\u00a0Semah camara, charg\u00e9 des n\u00e9gociations et conflits au sppg nie en bloc.<\/p>\n<p>Leprojecteurguinee.com<\/p>\n<p>&nbsp;<\/p>\n","protected":false},"excerpt":{"rendered":"<p>Semah camara, le charg\u00e9 des n\u00e9gociations et conflits du \u00a0 \u00a0 \u00a0 \u00a0 \u00a0Syndicat des professionnels de la presse de Guin\u00e9e (sppg ) n\u2019est pas d\u2019accord avec la d\u00e9marche de son secr\u00e9taire g\u00e9n\u00e9ral, Sidi Diallo pour avoir lu une d\u00e9claration du cntg en collaboration avec ustg. \u00bb je m\u2019oppose vigoureusement \u00e0 la \u00a0r\u00e9action de l\u2019Inter.centrale [&hellip;]<\/p>\n","protected":false},"author":2,"featured_media":2333,"comment_status":"open","ping_status":"open","sticky":false,"template":"","format":"standard","meta":{"footnotes":""},"categories":[58],"tags":[],"class_list":{"0":"post-2332","1":"post","2":"type-post","3":"status-publish","4":"format-standard","5":"has-post-thumbnail","7":"category-societe"},"_links":{"self":[{"href":"https:\/\/conakrynews.org\/index.php\/wp-json\/wp\/v2\/posts\/2332","targetHints":{"allow":["GET"]}}],"collection":[{"href":"https:\/\/conakrynews.org\/index.php\/wp-json\/wp\/v2\/posts"}],"about":[{"href":"https:\/\/conakrynews.org\/index.php\/wp-json\/wp\/v2\/types\/post"}],"author":[{"embeddable":true,"href":"https:\/\/conakrynews.org\/index.php\/wp-json\/wp\/v2\/users\/2"}],"replies":[{"embeddable":true,"href":"https:\/\/conakrynews.org\/index.php\/wp-json\/wp\/v2\/comments?post=2332"}],"version-history":[{"count":0,"href":"https:\/\/conakrynews.org\/index.php\/wp-json\/wp\/v2\/posts\/2332\/revisions"}],"wp:featuredmedia":[{"embeddable":true,"href":"https:\/\/conakrynews.org\/index.php\/wp-json\/wp\/v2\/media\/2333"}],"wp:attachment":[{"href":"https:\/\/conakrynews.org\/index.php\/wp-json\/wp\/v2\/media?parent=2332"}],"wp:term":[{"taxonomy":"category","embeddable":true,"href":"https:\/\/conakrynews.org\/index.php\/wp-json\/wp\/v2\/categories?post=2332"},{"taxonomy":"post_tag","embeddable":true,"href":"https:\/\/conakrynews.org\/index.php\/wp-json\/wp\/v2\/tags?post=2332"}],"curies":[{"name":"wp","href":"https:\/\/api.w.org\/{rel}","templated":true}]}}