{"id":2344,"date":"2018-07-12T23:45:06","date_gmt":"2018-07-12T21:45:06","guid":{"rendered":"https:\/\/conakrynews.org\/?p=2344"},"modified":"2018-07-13T01:11:25","modified_gmt":"2018-07-12T23:11:25","slug":"conakry-tenue-dun-atelier-lutter-contre-fraude-secteur-delectricite","status":"publish","type":"post","link":"https:\/\/conakrynews.org\/index.php\/conakry-tenue-dun-atelier-lutter-contre-fraude-secteur-delectricite\/","title":{"rendered":"Conakry : Tenue d\u2019un atelier pour    lutter  contre la fraude  dans le secteur d\u2019\u00e9lectricit\u00e9"},"content":{"rendered":"<p><strong><em><img loading=\"lazy\" decoding=\"async\" class=\"alignnone size-medium wp-image-2346\" src=\"https:\/\/conakrynews.org\/wp-content\/uploads\/2018\/07\/edg-foto-iks-498x375.jpg\" alt=\"\" width=\"498\" height=\"375\" srcset=\"https:\/\/conakrynews.org\/wp-content\/uploads\/2018\/07\/edg-foto-iks-498x375.jpg 498w, https:\/\/conakrynews.org\/wp-content\/uploads\/2018\/07\/edg-foto-iks-768x578.jpg 768w, https:\/\/conakrynews.org\/wp-content\/uploads\/2018\/07\/edg-foto-iks.jpg 972w\" sizes=\"auto, (max-width: 498px) 100vw, 498px\" \/>Les responsables du minist\u00e8re de l\u2019Energie et de l\u2019Hydraulique \u00a0\u00a0en parfaite collaboration avec l\u2019administration G\u00e9n\u00e9rale d\u2019EDG (Electricit\u00e9 de Guin\u00e9e) ont organis\u00e9 un atelier ce jeudi 12 juillet 2018\u00a0 dans un r\u00e9ceptif h\u00f4telier de la place. Objectif\u00a0? Mettre en\u00a0 place \u00a0Une politique de lutte contre\u00a0 toutes formes de fraudes dans tous les secteurs de l\u2019\u00e9lectricit\u00e9 en Guin\u00e9e. Pr\u00e9sent atelier a r\u00e9uni les cadres du minist\u00e8re de l\u2019\u00e9nergie et de l\u2019hydraulique, les travailleurs d\u2019EDG et d\u2019autres cadres \u00e9voluant dans le secteur de l\u2019\u00e9nergie <\/em><\/strong><\/p>\n<p><strong>\u00a0<\/strong><\/p>\n<p>Appuyer par la Banque Mondiale et l&rsquo;Agence Fran\u00e7aise pour le D\u00e9veloppement (AFD), le projet de redressement du secteur d&rsquo;EDG vise \u00e0 r\u00e9tablir la viabilit\u00e9 dans le secteur de l&rsquo;\u00e9lectricit\u00e9\u00a0 pour am\u00e9liorer la performance technique, commerciale et financi\u00e8re afin de r\u00e9duire les pertes d&rsquo;\u00e9lectricit\u00e9.<\/p>\n<p>Dans son allocution, l&rsquo;Administrateur g\u00e9n\u00e9ral d&rsquo;EDG, Abdenbi Attou\u00a0 a rappel\u00e9\u00a0 du pr\u00e9sent s\u00e9minaire. \u00ab\u00a0L\u2019objectif de ce s\u00e9minaire\u2019 est la pr\u00e9sentation d&rsquo;une \u00e9tude qui a \u00e9t\u00e9 faite par un cabinet\u00a0 sur la lutte contre la fraude de l&rsquo;\u00e9lectricit\u00e9 en Guin\u00e9e. Vous savez<\/p>\n<p>Parmi les \u00e9l\u00e9ments \u00a0les plus importants du redressement commercial du secteur d&rsquo;\u00e9lectricit\u00e9 en particulier la soci\u00e9t\u00e9 EDG. Il y a \u00a0le rendement commercial qui doit augmenter et au c\u0153ur de cela, il y \u00e0 la lutte contre la fraude\u00a0\u00bb, a fait savoir M. Attou.<\/p>\n<p>&nbsp;<\/p>\n<p>Avant d\u2019ajouter:\u00a0\u00ab aujourd&rsquo;hui, nous nous sommes engag\u00e9s dans un vaste programme de redressement commercial qui est bas\u00e9 sur trois piliers: premi\u00e8rement la pose des compteurs. Deuxi\u00e8mes, EDG proc\u00e9dera aux op\u00e9rations de recensement de la Client\u00e8le. Et enfin la r\u00e9gularisation commerciale des facture pour minimiser la perte de l&rsquo;\u00e9nergie\u00a0\u00bb, ajoute -t-il .<\/p>\n<p>&nbsp;<\/p>\n<p>S\u00e9kou Sanfina Diakit\u00e9, secr\u00e9taire g\u00e9n\u00e9ral du minist\u00e8re de l\u2019\u00e9nergie et de l\u2019\u00e9nergie et repr\u00e9sentant du ministre de cette rencontre a pr\u00e9cis\u00e9 que c&rsquo;est un processus qui fait partie \u00a0du programme de\u00a0soci\u00e9t\u00e9\u00a0du pr\u00e9sident de la R\u00e9publique pour am\u00e9liorer les conditions d&rsquo;acc\u00e8s \u00e0 l&rsquo;\u00e9nergie\u00a0 pour les \u00a0populations guin\u00e9ennes. \u00ab\u00a0Il faut que la population sache que c&rsquo;est beaucoup d&rsquo;argent\u00a0 que l\u2019Etat investit \u00a0dans le carburant et l&rsquo;\u00e9lectricit\u00e9\u00a0\u00a0 pour r\u00e9soudre le probl\u00e8me de la d\u00e9serte en \u00a0mati\u00e8re d\u2019\u00e9lectricit\u00e9 .Donc, payer les factures ,doit \u00eatre\u00a0 un devoir aujourd\u2019hui\u00a0 pour \u00a0tout bon citoyen \u00bb, a conclu M. Diakit\u00e9 .<\/p>\n<p>&nbsp;<\/p>\n<p>&nbsp;<\/p>\n<p>Pr\u00e9sent \u00e0 la\u00a0 rencontre, le charg\u00e9 du projet de la Banque Africaine de D\u00e9veloppement (BAD), a d\u00e9clar\u00e9 que son institution soutient \u00a0la soci\u00e9t\u00e9 EDG\u00a0 dans son projet\u00a0 \u00a0de redressement commercial \u00e0 la \u00a0hauteur de 75 millions de dollar.<\/p>\n<p>&nbsp;<\/p>\n<p><strong>Sylla Ibrahima Kalil pour <a href=\"https:\/\/conakrynews.org\">www.conakrynews.org<\/a> 664594788<\/strong><\/p>\n<p><strong>\u00a0<\/strong><\/p>\n<p><strong>\u00a0<\/strong><\/p>\n<p>&nbsp;<\/p>\n","protected":false},"excerpt":{"rendered":"<p>Les responsables du minist\u00e8re de l\u2019Energie et de l\u2019Hydraulique \u00a0\u00a0en parfaite collaboration avec l\u2019administration G\u00e9n\u00e9rale d\u2019EDG (Electricit\u00e9 de Guin\u00e9e) ont organis\u00e9 un atelier ce jeudi 12 juillet 2018\u00a0 dans un r\u00e9ceptif h\u00f4telier de la place. Objectif\u00a0? Mettre en\u00a0 place \u00a0Une politique de lutte contre\u00a0 toutes formes de fraudes dans tous les secteurs de l\u2019\u00e9lectricit\u00e9 en [&hellip;]<\/p>\n","protected":false},"author":2,"featured_media":2346,"comment_status":"open","ping_status":"open","sticky":false,"template":"","format":"standard","meta":{"footnotes":""},"categories":[1,58],"tags":[],"class_list":{"0":"post-2344","1":"post","2":"type-post","3":"status-publish","4":"format-standard","5":"has-post-thumbnail","7":"category-non-classe","8":"category-societe"},"_links":{"self":[{"href":"https:\/\/conakrynews.org\/index.php\/wp-json\/wp\/v2\/posts\/2344","targetHints":{"allow":["GET"]}}],"collection":[{"href":"https:\/\/conakrynews.org\/index.php\/wp-json\/wp\/v2\/posts"}],"about":[{"href":"https:\/\/conakrynews.org\/index.php\/wp-json\/wp\/v2\/types\/post"}],"author":[{"embeddable":true,"href":"https:\/\/conakrynews.org\/index.php\/wp-json\/wp\/v2\/users\/2"}],"replies":[{"embeddable":true,"href":"https:\/\/conakrynews.org\/index.php\/wp-json\/wp\/v2\/comments?post=2344"}],"version-history":[{"count":0,"href":"https:\/\/conakrynews.org\/index.php\/wp-json\/wp\/v2\/posts\/2344\/revisions"}],"wp:featuredmedia":[{"embeddable":true,"href":"https:\/\/conakrynews.org\/index.php\/wp-json\/wp\/v2\/media\/2346"}],"wp:attachment":[{"href":"https:\/\/conakrynews.org\/index.php\/wp-json\/wp\/v2\/media?parent=2344"}],"wp:term":[{"taxonomy":"category","embeddable":true,"href":"https:\/\/conakrynews.org\/index.php\/wp-json\/wp\/v2\/categories?post=2344"},{"taxonomy":"post_tag","embeddable":true,"href":"https:\/\/conakrynews.org\/index.php\/wp-json\/wp\/v2\/tags?post=2344"}],"curies":[{"name":"wp","href":"https:\/\/api.w.org\/{rel}","templated":true}]}}