{"id":2360,"date":"2018-07-25T13:13:00","date_gmt":"2018-07-25T11:13:00","guid":{"rendered":"https:\/\/conakrynews.org\/?p=2360"},"modified":"2018-07-25T13:13:00","modified_gmt":"2018-07-25T11:13:00","slug":"dpj-abdoul-malick-kone-prend-fonction","status":"publish","type":"post","link":"https:\/\/conakrynews.org\/index.php\/dpj-abdoul-malick-kone-prend-fonction\/","title":{"rendered":"DPJ : Abdoul Malick Kon\u00e9  Prend fonction"},"content":{"rendered":"<p><strong><em>La c\u00e9r\u00e9monie de passation entre le Directeur G\u00e9n\u00e9ral\u00a0 sortant de la police judiciaire et le Directeur g\u00e9n\u00e9ral entrant \u00a0\u00a0s&rsquo;est d\u00e9roul\u00e9e dans les locaux\u00a0 de ladite \u00a0\u00a0direction le\u00a0 lundi 23 juillet 2018 \u00e0 Conakry. Cette\u00a0 c\u00e9r\u00e9monie \u00a0a mobilis\u00e9 plusieurs personnalit\u00e9s \u00e9voluant dans le domaine de la s\u00e9curit\u00e9.<\/em><\/strong><\/p>\n<p>&nbsp;<\/p>\n<p>Dans son discours, le Directeur\u00a0 G\u00e9n\u00e9ral\u00a0 sortant \u00a0de la police judiciaire, Sekou Gadiri Cond\u00e9 a d\u00e9clar\u00e9 \u00a0\u00a0qu\u2019il a \u00e9t\u00e9 nomm\u00e9 \u00a0\u00e0 ce poste le 13 septembre 2011, jour de son \u00a0anniversaire soit 7 ans \u00a0o\u00f9 aucun pr\u00e9d\u00e9cesseur n&rsquo;a pas \u00a0fait plus de 3 ans. \u00ab\u00a0Je remercie humblement le tout puissant Allah qui a conduit le choix du professeur Alpha Cond\u00e9 sur ma modeste personne pour pr\u00e9sider au destin\u00e9e de la police judiciaire. Je remercie \u00e9galement au pr\u00e9sident de la R\u00e9publique pour m\u2019avoir investi sa confiance durant ces sept longues ann\u00e9es. Je lui suis et je serais toujours reconnaissant pour ce geste qui m&rsquo;a permis d&rsquo;\u00eatre utile \u00e0 mon pays. Pendant cette p\u00e9riode je me suis efforc\u00e9 \u00e0 donner la primaut\u00e9 \u00e0 la loi\u00a0\u00bb\u00bb, a fait savoir \u00a0le directeur G\u00e9n\u00e9ral \u00a0sortant de la DPJ<\/p>\n<p>&nbsp;<\/p>\n<p>Prenant la parole, le Directeur G\u00e9n\u00e9ral entrant de la police judiciaire, Abdoul Malick Kon\u00e9 a\u00a0 d&rsquo;abord \u00a0f\u00e9licit\u00e9 ses pr\u00e9d\u00e9cesseurs pour le travail abattu pendant cette p\u00e9riode.\u00a0\u00ab\u00a0 Tout d&rsquo;abord, je tiens \u00e0 remercier le directeur G\u00e9n\u00e9ral \u00a0\u00a0sortant pour les mots qu&rsquo;il a bien voulu prononcer en ma faveur, je m&rsquo;en vais vous dire que \u00a0je suis tr\u00e8s \u00e9mu encore une fois merci\u00a0\u00bb.<\/p>\n<p>&nbsp;<\/p>\n<p>Pour terminer, je suis dispos\u00e9 \u00e0 travailler avec l&rsquo;ensemble des coll\u00e8gues de la police judiciaire, de travailler avec l&rsquo;\u00e9quit\u00e9, professionnalisme et loyaut\u00e9. Mon devise reste la promotion du droit et de libert\u00e9 et tout cela qui comporte comme corolaire. Je voudrais \u00eatre jug\u00e9 \u00a0par les actions et non par les mots que je vais vous prononc\u00e9\u00a0\u00bb.<\/p>\n<p>&nbsp;<\/p>\n<p><strong>Oumar Konat\u00e9<\/strong><\/p>\n<p>&nbsp;<\/p>\n","protected":false},"excerpt":{"rendered":"<p>La c\u00e9r\u00e9monie de passation entre le Directeur G\u00e9n\u00e9ral\u00a0 sortant de la police judiciaire et le Directeur g\u00e9n\u00e9ral entrant \u00a0\u00a0s&rsquo;est d\u00e9roul\u00e9e dans les locaux\u00a0 de ladite \u00a0\u00a0direction le\u00a0 lundi 23 juillet 2018 \u00e0 Conakry. Cette\u00a0 c\u00e9r\u00e9monie \u00a0a mobilis\u00e9 plusieurs personnalit\u00e9s \u00e9voluant dans le domaine de la s\u00e9curit\u00e9. &nbsp; Dans son discours, le Directeur\u00a0 G\u00e9n\u00e9ral\u00a0 sortant \u00a0de [&hellip;]<\/p>\n","protected":false},"author":2,"featured_media":0,"comment_status":"open","ping_status":"open","sticky":false,"template":"","format":"standard","meta":{"footnotes":""},"categories":[1],"tags":[],"class_list":{"0":"post-2360","1":"post","2":"type-post","3":"status-publish","4":"format-standard","6":"category-non-classe"},"_links":{"self":[{"href":"https:\/\/conakrynews.org\/index.php\/wp-json\/wp\/v2\/posts\/2360","targetHints":{"allow":["GET"]}}],"collection":[{"href":"https:\/\/conakrynews.org\/index.php\/wp-json\/wp\/v2\/posts"}],"about":[{"href":"https:\/\/conakrynews.org\/index.php\/wp-json\/wp\/v2\/types\/post"}],"author":[{"embeddable":true,"href":"https:\/\/conakrynews.org\/index.php\/wp-json\/wp\/v2\/users\/2"}],"replies":[{"embeddable":true,"href":"https:\/\/conakrynews.org\/index.php\/wp-json\/wp\/v2\/comments?post=2360"}],"version-history":[{"count":0,"href":"https:\/\/conakrynews.org\/index.php\/wp-json\/wp\/v2\/posts\/2360\/revisions"}],"wp:attachment":[{"href":"https:\/\/conakrynews.org\/index.php\/wp-json\/wp\/v2\/media?parent=2360"}],"wp:term":[{"taxonomy":"category","embeddable":true,"href":"https:\/\/conakrynews.org\/index.php\/wp-json\/wp\/v2\/categories?post=2360"},{"taxonomy":"post_tag","embeddable":true,"href":"https:\/\/conakrynews.org\/index.php\/wp-json\/wp\/v2\/tags?post=2360"}],"curies":[{"name":"wp","href":"https:\/\/api.w.org\/{rel}","templated":true}]}}