{"id":23620,"date":"2023-06-06T14:36:16","date_gmt":"2023-06-06T14:36:16","guid":{"rendered":"https:\/\/conakrynews.org\/?p=23620"},"modified":"2023-09-16T14:52:15","modified_gmt":"2023-09-16T14:52:15","slug":"protection-de-lenvironnement-le-groupe-agl-sactive","status":"publish","type":"post","link":"https:\/\/conakrynews.org\/index.php\/protection-de-lenvironnement-le-groupe-agl-sactive\/","title":{"rendered":"Protection  de l&rsquo;environnement : Le \u00ab\u00a0Groupe AGL\u00a0\u00bb  s&rsquo;active !"},"content":{"rendered":"<p>\u00c0 l&rsquo;instar de la pluspart entreprises, le Groupe AGL  s&rsquo;att\u00e8le  \u00e0 la pollution de la plan\u00e8te qui d\u00e9bouche sur le changement climatique.L&rsquo;entreprise  a fait  en sorte que ses employ\u00e9s  prennent en compte ce p\u00e9ril mondial. <\/p>\n<p>\u00c0 l&rsquo;occasion de la c\u00e9l\u00e9bration de la journ\u00e9e mondiale de l\u2019environnement, ce mardi, 06 juin 2023, la repr\u00e9sentation du Groupe en Guin\u00e9e a organis\u00e9  une campagne de sensibilisation \u00e0 l&rsquo;intention de son personnel local sur diff\u00e9rents aspects de la pollution de l\u2019environnement. <\/p>\n<p>Sous la pr\u00e9sidence du Directeur pays Groupe AGL, M.Fabjanko KOKAN, la campagne de sensibilisation qui a commenc\u00e9 ce matin par  la Direction des op\u00e9rations situ\u00e9e sur le terminal \u00e0 conteneurs, la Direction technique, la Manutention, la Direction de Conakry Terminal et la celle pays du Groupe AGL. <\/p>\n<p>Au cours  de campagne  de sensibilisation,les responsables  du \u00ab\u00a0Groupe AGL, ont  tous  v\u00e9hicul\u00e9 des messages  clairs  et concrets sur la pollution plastique.<\/p>\n<p>Prenant la parole, le directeur  pays du \u00ab\u00a0Groupe AGL\u00a0\u00bb, M.Fabjanko KOKAN,  a invit\u00e9 les collaborateurs du groupe \u00e0 une attitude qui soit moins agressive \u00e0 l\u2019\u00e9gard de l\u2019environnement. Ainsi, il les a notamment exhort\u00e9s \u00e0 une exploitation raisonnable des ressources : eau, papier, \u00e9lectricit\u00e9, carburant.<\/p>\n<p>De son c\u00f4t\u00e9, le Responsable QHSE, Olivier CHEDJOU, a  indiqu\u00e9 : \u00ab Le Groupe AGL est soucieux de la protection de l\u2019environnement et cela s\u2019explique par son effort de mise en place des actions innovantes pour anticiper les nouvelles exigences environnementales. On ne prot\u00e8ge que ce qu\u2019on conna\u00eet et ce que l\u2019on aime\u2026 Il est donc important de connaitre notre environnement et savoir qu\u2019il a des limites par rapport \u00e0 l\u2019absorption des d\u00e9chets que nous produisons tous les jours. Nous devons b\u00e2tir un avenir plus propre, plus sain et plus durable pour l\u2019humanit\u00e9 toute enti\u00e8re. Nous devons travailler pour nous d\u00e9faire de notre d\u00e9pendance au plastique, promouvoir le z\u00e9ro d\u00e9chet et mettre sur pied une \u00e9conomie v\u00e9ritablement circulaire. Si nous agissons maintenant, nous pouvons combattre la pollution plastique \u00bb, a conclu l&rsquo;orateur.<\/p>\n<p>Sylla Ibrahima Kalil,pour www. conakrynews.org<\/p>\n","protected":false},"excerpt":{"rendered":"<p>\u00c0 l&rsquo;instar de la pluspart entreprises, le Groupe AGL s&rsquo;att\u00e8le \u00e0 la pollution de la plan\u00e8te qui d\u00e9bouche sur le changement climatique.L&rsquo;entreprise a fait en sorte que ses employ\u00e9s prennent en compte ce p\u00e9ril mondial. \u00c0 l&rsquo;occasion de la c\u00e9l\u00e9bration de la journ\u00e9e mondiale de l\u2019environnement, ce mardi, 06 juin 2023, la repr\u00e9sentation du Groupe [&hellip;]<\/p>\n","protected":false},"author":2,"featured_media":23621,"comment_status":"closed","ping_status":"closed","sticky":false,"template":"","format":"standard","meta":{"footnotes":""},"categories":[60],"tags":[],"class_list":{"0":"post-23620","1":"post","2":"type-post","3":"status-publish","4":"format-standard","5":"has-post-thumbnail","7":"category-environnement"},"_links":{"self":[{"href":"https:\/\/conakrynews.org\/index.php\/wp-json\/wp\/v2\/posts\/23620","targetHints":{"allow":["GET"]}}],"collection":[{"href":"https:\/\/conakrynews.org\/index.php\/wp-json\/wp\/v2\/posts"}],"about":[{"href":"https:\/\/conakrynews.org\/index.php\/wp-json\/wp\/v2\/types\/post"}],"author":[{"embeddable":true,"href":"https:\/\/conakrynews.org\/index.php\/wp-json\/wp\/v2\/users\/2"}],"replies":[{"embeddable":true,"href":"https:\/\/conakrynews.org\/index.php\/wp-json\/wp\/v2\/comments?post=23620"}],"version-history":[{"count":0,"href":"https:\/\/conakrynews.org\/index.php\/wp-json\/wp\/v2\/posts\/23620\/revisions"}],"wp:featuredmedia":[{"embeddable":true,"href":"https:\/\/conakrynews.org\/index.php\/wp-json\/wp\/v2\/media\/23621"}],"wp:attachment":[{"href":"https:\/\/conakrynews.org\/index.php\/wp-json\/wp\/v2\/media?parent=23620"}],"wp:term":[{"taxonomy":"category","embeddable":true,"href":"https:\/\/conakrynews.org\/index.php\/wp-json\/wp\/v2\/categories?post=23620"},{"taxonomy":"post_tag","embeddable":true,"href":"https:\/\/conakrynews.org\/index.php\/wp-json\/wp\/v2\/tags?post=23620"}],"curies":[{"name":"wp","href":"https:\/\/api.w.org\/{rel}","templated":true}]}}