{"id":2367,"date":"2018-07-28T13:35:22","date_gmt":"2018-07-28T11:35:22","guid":{"rendered":"https:\/\/conakrynews.org\/?p=2367"},"modified":"2018-08-16T10:57:48","modified_gmt":"2018-08-16T08:57:48","slug":"humanitaire-long-espoir-dafrique-lance-officiellement-activites","status":"publish","type":"post","link":"https:\/\/conakrynews.org\/index.php\/humanitaire-long-espoir-dafrique-lance-officiellement-activites\/","title":{"rendered":"Humanitaire :L\u2019ONG  \u2018\u2019Espoir  d\u2019Afrique\u2019\u2019  lance officiellement ses activit\u00e9s"},"content":{"rendered":"<p><strong><em>C\u2019est \u00e0 travers d\u2019une conf\u00e9rence de presse que l\u2019Association humanitaire fran\u00e7aise\u00a0\u00a0\u2018\u2019espoir d\u2019Afrique a proc\u00e9d\u00e9 au lancement officiel de ses activit\u00e9s ce jeudi 26juillet 2018 \u00e0 Conakry<\/em><\/strong><strong><em>.<\/em><\/strong><\/p>\n<p><strong>Cr\u00e9\u00e9e, le 03avril 2008 \u00e0 Strasbourg en France gr\u00e2ce \u00e0 l\u2019id\u00e9e de son pr\u00e9sident fondateur monsieur Karl Degbe en collaboration avec ses amis vivant en Strasbourg (France). L\u2019ONG \u2018\u2019 espoir d\u2019Afrique\u2018\u2018 est une ONG \u00e0 \u00a0but non lucratif, elle \u00e9volue dans plusieurs domaines d\u2019intervention\u00a0\u00a0pour combattre la pauvret\u00e9 dans les pays africains. Elle participe activement dans l\u2019insertion socio professionnelle \u00a0des couches d\u00e9sh\u00e9rit\u00e9es en Afrique.<\/strong><\/p>\n<p>Selon\u00a0\u00a0le responsable de communication, Victor Ouendouno\u00a0:\u00a0\u00ab\u00a0l\u2019Association humanitaire fran\u00e7aise \u2018\u2019Espoir d\u2019Afrique existe d\u00e9j\u00e0 au Benin et au Togo. Elle \u00a0est ouverte \u00e0 toute personne sans distinction races ni de sexes, \u00a0d\u00e9sireuse de participer et de soutenir l\u2019Afrique dans son auto- d\u00e9veloppement.\u00a0\u00a0Elle contribue \u00e0 l\u2019am\u00e9lioration des conditions de vie\u00a0\u00a0des populations en Afrique.<\/p>\n<p>De poursuivre, il\u00a0 a fait savoir que l\u2019Association humanitaire Fran\u00e7aise fait son champ de batail dans plusieurs domaines, notamment\u00a0porter une assistance aux enfants d\u00e9scolaris\u00e9s pour les inscrire \u00e0 l\u2019\u00e9cole ou les int\u00e9grer dans les structure de formations. La sant\u00e9,\u00a0\u00a0l\u2019\u00e9ducation, la formation et le renforcement des capacit\u00e9s des acteurs, la protection de l\u2019environnement et l\u2019adduction d\u2019eau potable aux populations restent les axes prioritaires de l\u2019ONG.<\/p>\n<p>Pour mettre un terme \u00e0 son intervention, il a dit \u00a0\u00bb\u00a0 \u00a0des perspectives et des recommandations ont \u00e9t\u00e9 faites\u00a0 pour \u00a0favoriser la collaboration de l\u2019ONG dans la r\u00e9alisation des diff\u00e9rents projets conform\u00e9ment\u00a0\u00a0\u00e0 nos objectifs. La prise en compte des diff\u00e9rents plaidoyers men\u00e9s par les organisations de la soci\u00e9t\u00e9 civile\u00a0\u00bb.<\/p>\n<p>Avant de remercier\u00a0 \u00a0les autorit\u00e9s\u00a0 Guin\u00e9ennes\u00a0 \u00a0et\u00a0 les partenaires au d\u00e9veloppement pour la r\u00e9alisation de\u00a0 leurs diff\u00e9rents projets.<\/p>\n<p><strong>Oumar Konat\u00e9 pour www.conakrynews.org<\/strong><\/p>\n<p><strong>\u00a0<\/strong><img loading=\"lazy\" decoding=\"async\" class=\"alignnone size-medium wp-image-2368\" src=\"https:\/\/conakrynews.org\/wp-content\/uploads\/2018\/07\/esp\u00f4ir-2-498x375.jpg\" alt=\"\" width=\"498\" height=\"375\" srcset=\"https:\/\/conakrynews.org\/wp-content\/uploads\/2018\/07\/esp\u00f4ir-2-498x375.jpg 498w, https:\/\/conakrynews.org\/wp-content\/uploads\/2018\/07\/esp\u00f4ir-2-768x578.jpg 768w\" sizes=\"auto, (max-width: 498px) 100vw, 498px\" \/><img loading=\"lazy\" decoding=\"async\" class=\"alignnone size-medium wp-image-2369\" src=\"https:\/\/conakrynews.org\/wp-content\/uploads\/2018\/07\/IMG_20180726_124221-498x375.jpg\" alt=\"\" width=\"498\" height=\"375\" srcset=\"https:\/\/conakrynews.org\/wp-content\/uploads\/2018\/07\/IMG_20180726_124221-498x375.jpg 498w, https:\/\/conakrynews.org\/wp-content\/uploads\/2018\/07\/IMG_20180726_124221-768x578.jpg 768w\" sizes=\"auto, (max-width: 498px) 100vw, 498px\" \/><\/p>\n","protected":false},"excerpt":{"rendered":"<p>C\u2019est \u00e0 travers d\u2019une conf\u00e9rence de presse que l\u2019Association humanitaire fran\u00e7aise\u00a0\u00a0\u2018\u2019espoir d\u2019Afrique a proc\u00e9d\u00e9 au lancement officiel de ses activit\u00e9s ce jeudi 26juillet 2018 \u00e0 Conakry. Cr\u00e9\u00e9e, le 03avril 2008 \u00e0 Strasbourg en France gr\u00e2ce \u00e0 l\u2019id\u00e9e de son pr\u00e9sident fondateur monsieur Karl Degbe en collaboration avec ses amis vivant en Strasbourg (France). L\u2019ONG \u2018\u2019 [&hellip;]<\/p>\n","protected":false},"author":2,"featured_media":2368,"comment_status":"open","ping_status":"open","sticky":false,"template":"","format":"standard","meta":{"footnotes":""},"categories":[1],"tags":[],"class_list":{"0":"post-2367","1":"post","2":"type-post","3":"status-publish","4":"format-standard","5":"has-post-thumbnail","7":"category-non-classe"},"_links":{"self":[{"href":"https:\/\/conakrynews.org\/index.php\/wp-json\/wp\/v2\/posts\/2367","targetHints":{"allow":["GET"]}}],"collection":[{"href":"https:\/\/conakrynews.org\/index.php\/wp-json\/wp\/v2\/posts"}],"about":[{"href":"https:\/\/conakrynews.org\/index.php\/wp-json\/wp\/v2\/types\/post"}],"author":[{"embeddable":true,"href":"https:\/\/conakrynews.org\/index.php\/wp-json\/wp\/v2\/users\/2"}],"replies":[{"embeddable":true,"href":"https:\/\/conakrynews.org\/index.php\/wp-json\/wp\/v2\/comments?post=2367"}],"version-history":[{"count":0,"href":"https:\/\/conakrynews.org\/index.php\/wp-json\/wp\/v2\/posts\/2367\/revisions"}],"wp:featuredmedia":[{"embeddable":true,"href":"https:\/\/conakrynews.org\/index.php\/wp-json\/wp\/v2\/media\/2368"}],"wp:attachment":[{"href":"https:\/\/conakrynews.org\/index.php\/wp-json\/wp\/v2\/media?parent=2367"}],"wp:term":[{"taxonomy":"category","embeddable":true,"href":"https:\/\/conakrynews.org\/index.php\/wp-json\/wp\/v2\/categories?post=2367"},{"taxonomy":"post_tag","embeddable":true,"href":"https:\/\/conakrynews.org\/index.php\/wp-json\/wp\/v2\/tags?post=2367"}],"curies":[{"name":"wp","href":"https:\/\/api.w.org\/{rel}","templated":true}]}}