{"id":2379,"date":"2018-08-01T12:16:20","date_gmt":"2018-08-01T10:16:20","guid":{"rendered":"https:\/\/conakrynews.org\/?p=2379"},"modified":"2018-08-01T12:16:20","modified_gmt":"2018-08-01T10:16:20","slug":"ong-associations-ministre-bourema-conde-veut-mettre-de-lordre","status":"publish","type":"post","link":"https:\/\/conakrynews.org\/index.php\/ong-associations-ministre-bourema-conde-veut-mettre-de-lordre\/","title":{"rendered":"ONG et Associations : Le Ministre Bour\u00e9ma Cond\u00e9  veut mettre de l\u2019ordre"},"content":{"rendered":"<p><strong><em>d\u00e9centralisations a\u00a0 re\u00e7u\u00a0 \u00a0les diff\u00e9rents mouvements associatifs et les Organisations Non gouvernementales (ONG). Cette rencontre avait pour but de discuter les questions li\u00e9es aux statuts et l\u2019agr\u00e9ment des ONG telles que pr\u00e9vue la loi 013 qui \u00a0registre le statut des ONG.<\/em><\/strong><\/p>\n<p><strong><em>\u00a0<\/em><\/strong><\/p>\n<p><img loading=\"lazy\" decoding=\"async\" class=\"alignnone size-medium wp-image-2320\" src=\"https:\/\/conakrynews.org\/wp-content\/uploads\/2018\/07\/photo-bour\u00e9ma-515x271.jpg\" alt=\"\" width=\"515\" height=\"271\" srcset=\"https:\/\/conakrynews.org\/wp-content\/uploads\/2018\/07\/photo-bour\u00e9ma-515x271.jpg 515w, https:\/\/conakrynews.org\/wp-content\/uploads\/2018\/07\/photo-bour\u00e9ma.jpg 600w\" sizes=\"auto, (max-width: 515px) 100vw, 515px\" \/>Interrog\u00e9 par des journalistes, le ministre \u00a0l\u2019Administration\u00a0 du territoire et de la D\u00e9centralisations a d\u00e9clar\u00e9 que son d\u00e9partement assure et assume la tutelle des mouvements associatifs et des ONG. \u00a0\u00ab\u00a0C\u2019est normale que les personnes se retrouvent selon des objectifs communs pour un programme \u00e0 ex\u00e9cuter ensemble. Et, c&rsquo;est \u00a0cela l&rsquo;essence du mouvement associatif des ONG. Il est plus facile d&rsquo;aider quand vous \u00eates en groupe que lorsque vous \u00e9voluez \u00a0individuellement\u00a0\u00bb, indiqu\u00e9 le Ministre Bour\u00e9ma Cond\u00e9.<\/p>\n<p>&nbsp;<\/p>\n<p>Avant de d\u00e9clarer que\u00a0 les membres des Associations\u00a0 ont \u00e9t\u00e9 invit\u00e9s \u00e0 cette rencontre pour \u00a0faire une prise de connaissance de la loi 013 de l&rsquo;Assembl\u00e9e Nationale Guin\u00e9enne, qui donne les directives des ONG. \u00ab\u00a0Cette loi,\u00a0 nous avons ensemble\u00a0 fait la lecture\u00a0 des articles principaux. Nous nous rendons Compte aujourd\u2019hui \u00a0que de plus en plus ceux l\u00e0 qui doivent \u00a0d\u00e9fendre la loi l\u00e0 viole. Dans un mouvement associatif le laiss\u00e9 passer, c&rsquo;est votre agr\u00e9ment et si vous n&rsquo;avez pas d&rsquo;agr\u00e9ment vous ne pouvez pas vous permettre d&rsquo;exercer en ill\u00e9galit\u00e9\u00a0\u00bb,a\u00a0 pr\u00e9cis\u00e9 le ministre.<\/p>\n<p>&nbsp;<\/p>\n<p>Avant de souligner\u00a0:\u00a0\u00abLes agr\u00e9ments que nous autorisons sont apolitiques et \u00e0 but non lucratif que cela soit compris de tous ceux qui sont membres des mouvements Associatifs et ONG. Nous avons une mission r\u00e9galienne de contr\u00f4le des mouvements associatifs. Le Service national de mon d\u00e9partement qui g\u00e8re ce dossier, ils ont un droit de contr\u00f4le sur vous pour savoir quels sont vos bilans, quels sont\u00a0 vos Compte\u2026 \u00a0\u00bb, A-t-il soulign\u00e9<\/p>\n<p>&nbsp;<\/p>\n<p>Bintou Soumah, pr\u00e9sidente de l&rsquo;ONG\u00a0 Femme Engag\u00e9e pour la Salubrit\u00e9, a dit\u00a0:\u00a0\u00abc&rsquo;est une invitation qui nous a fait plaisir puisque ce n&rsquo;est pas de coutume qu&rsquo;un ministre de tutelle fait appelle aux\u00a0\u00a0 acteurs concern\u00e9s de son domaine \u00a0pour discuter des probl\u00e8mes auxquels ils sont confront\u00e9s. Donc, il \u00a0a \u00e9t\u00e9 question pour les ONG de se mettre en r\u00e8gles. Et, le ministre nous a rassur\u00e9 que ce n&rsquo;est pas un refus de donner l\u2019agr\u00e9ment aux ONG, il faut que les dossiers soit \u00e9tudier pour \u00eatre conforme aux r\u00e8gles\u00a0\u00bb, a conclu la pr\u00e9sidente de FES.<\/p>\n<p>&nbsp;<\/p>\n<p><strong>Oumar konate 621077446<\/strong><\/p>\n<p>&nbsp;<\/p>\n","protected":false},"excerpt":{"rendered":"<p>d\u00e9centralisations a\u00a0 re\u00e7u\u00a0 \u00a0les diff\u00e9rents mouvements associatifs et les Organisations Non gouvernementales (ONG). Cette rencontre avait pour but de discuter les questions li\u00e9es aux statuts et l\u2019agr\u00e9ment des ONG telles que pr\u00e9vue la loi 013 qui \u00a0registre le statut des ONG. \u00a0 Interrog\u00e9 par des journalistes, le ministre \u00a0l\u2019Administration\u00a0 du territoire et de la D\u00e9centralisations [&hellip;]<\/p>\n","protected":false},"author":2,"featured_media":2320,"comment_status":"open","ping_status":"open","sticky":false,"template":"","format":"standard","meta":{"footnotes":""},"categories":[1],"tags":[],"class_list":{"0":"post-2379","1":"post","2":"type-post","3":"status-publish","4":"format-standard","5":"has-post-thumbnail","7":"category-non-classe"},"_links":{"self":[{"href":"https:\/\/conakrynews.org\/index.php\/wp-json\/wp\/v2\/posts\/2379","targetHints":{"allow":["GET"]}}],"collection":[{"href":"https:\/\/conakrynews.org\/index.php\/wp-json\/wp\/v2\/posts"}],"about":[{"href":"https:\/\/conakrynews.org\/index.php\/wp-json\/wp\/v2\/types\/post"}],"author":[{"embeddable":true,"href":"https:\/\/conakrynews.org\/index.php\/wp-json\/wp\/v2\/users\/2"}],"replies":[{"embeddable":true,"href":"https:\/\/conakrynews.org\/index.php\/wp-json\/wp\/v2\/comments?post=2379"}],"version-history":[{"count":0,"href":"https:\/\/conakrynews.org\/index.php\/wp-json\/wp\/v2\/posts\/2379\/revisions"}],"wp:featuredmedia":[{"embeddable":true,"href":"https:\/\/conakrynews.org\/index.php\/wp-json\/wp\/v2\/media\/2320"}],"wp:attachment":[{"href":"https:\/\/conakrynews.org\/index.php\/wp-json\/wp\/v2\/media?parent=2379"}],"wp:term":[{"taxonomy":"category","embeddable":true,"href":"https:\/\/conakrynews.org\/index.php\/wp-json\/wp\/v2\/categories?post=2379"},{"taxonomy":"post_tag","embeddable":true,"href":"https:\/\/conakrynews.org\/index.php\/wp-json\/wp\/v2\/tags?post=2379"}],"curies":[{"name":"wp","href":"https:\/\/api.w.org\/{rel}","templated":true}]}}