{"id":2389,"date":"2018-08-04T16:15:19","date_gmt":"2018-08-04T14:15:19","guid":{"rendered":"https:\/\/conakrynews.org\/?p=2389"},"modified":"2018-08-04T16:15:19","modified_gmt":"2018-08-04T14:15:19","slug":"forum-de-paris-paix-participez-a-lappel-a-projets-6-juin-2018","status":"publish","type":"post","link":"https:\/\/conakrynews.org\/index.php\/forum-de-paris-paix-participez-a-lappel-a-projets-6-juin-2018\/","title":{"rendered":"Forum de Paris sur la Paix : participez \u00e0 l\u2019appel \u00e0 projets (6 juin 2018)"},"content":{"rendered":"<p>La premi\u00e8re \u00e9dition du Forum de Paris sur la Paix se tiendra du 11 au 13 novembre 2018.<\/p>\n<p><strong>Sommaire<\/strong><\/p>\n<ul>\n<li><a href=\"https:\/\/www.diplomatie.gouv.fr\/fr\/politique-etrangere-de-la-france\/gouvernance\/evenements-et-actualites-sur-le-theme-de-la-gouvernance\/article\/forum-de-paris-sur-la-paix-participez-a-l-appel-a-projets-06-06-18#sommaire_1\">Les objectifs du Forum de Paris sur la Paix<\/a><\/li>\n<li><a href=\"https:\/\/www.diplomatie.gouv.fr\/fr\/politique-etrangere-de-la-france\/gouvernance\/evenements-et-actualites-sur-le-theme-de-la-gouvernance\/article\/forum-de-paris-sur-la-paix-participez-a-l-appel-a-projets-06-06-18#sommaire_2\">Une plateforme d\u2019\u00e9change et de d\u00e9bat<\/a><\/li>\n<li><a href=\"https:\/\/www.diplomatie.gouv.fr\/fr\/politique-etrangere-de-la-france\/gouvernance\/evenements-et-actualites-sur-le-theme-de-la-gouvernance\/article\/forum-de-paris-sur-la-paix-participez-a-l-appel-a-projets-06-06-18#sommaire_3\">Pr\u00e9sentez votre projet de gouvernance avant le 30 ao\u00fbt<\/a><\/li>\n<\/ul>\n<p>En r\u00e9ponse \u00e0 la mont\u00e9e des tensions du monde contemporain, le Forum a vocation \u00e0 devenir le rendez-vous annuel des projets, id\u00e9es et initiatives qui contribuent de mani\u00e8re effective \u00e0 <strong>une meilleure coop\u00e9ration internationale sur les grands enjeux globaux<\/strong>, \u00e0 <strong>une mondialisation plus juste et plus \u00e9quitable<\/strong> et \u00e0 <strong>un syst\u00e8me multilat\u00e9ral plus efficace<\/strong>. De nombreux chefs d\u2019\u00c9tat et de gouvernement, des repr\u00e9sentants des grandes organisations internationales, mais aussi des acteurs issus de la soci\u00e9t\u00e9 civile &#8211; soit plusieurs milliers de participants &#8211; y sont attendus. 150 projets y seront pr\u00e9sent\u00e9s.<\/p>\n<p><strong>Les objectifs du Forum de Paris sur la Paix <\/strong><\/p>\n<p>Le Forum de Paris sur la Paix s\u2019inscrit dans la dynamique initi\u00e9e par le Pr\u00e9sident de la R\u00e9publique, Emmanuel Macron, pour r\u00e9affirmer l\u2019importance du multilat\u00e9ralisme et de l\u2019action collective face aux d\u00e9fis actuels.<br \/>\nL\u2019objectif est de <strong>faire avancer la paix par une meilleure gouvernance mondiale<\/strong> et de favoriser tout ce qui concourt \u00e0 faire baisser les tensions internationales\u00a0: la coop\u00e9ration des \u00c9tats pour faire face aux d\u00e9fis transfrontaliers, la gestion collective des biens publics mondiaux, une meilleure r\u00e9gulation de l\u2019internet et des \u00e9changes, etc.<\/p>\n<p><strong>Une plateforme d\u2019\u00e9change et de d\u00e9bat <\/strong><\/p>\n<p>Inspir\u00e9 par le mod\u00e8le de la COP21, le Forum de Paris sur la Paix sera un lieu de partage d\u2019exp\u00e9riences et de solutions novatrices r\u00e9unissant tous les acteurs de la gouvernance\u00a0: chefs d\u2019Etats et de gouvernement, \u00e9lus locaux et nationaux, organisations r\u00e9gionales et internationales, soci\u00e9t\u00e9 civile au sens large (entreprises, associations, ONG, fondations, think tank, m\u00e9dias, repr\u00e9sentants religieux, syndicats \u2026). L\u2019objectif est de faire avancer les projets de gouvernance en les faisant conna\u00eetre, en les soumettant \u00e0 des d\u00e9bats de formats vari\u00e9s et en favorisant la rencontre entre porteurs de projets et d\u00e9cideurs concern\u00e9s.<br \/>\nLe Forum de Paris sur la Paix est structur\u00e9 autour de <strong>5 th\u00e9matiques<\/strong>\u00a0: paix et s\u00e9curit\u00e9, environnement, d\u00e9veloppement, num\u00e9rique et nouvelles technologies, \u00e9conomie inclusive.<\/p>\n<p><a href=\"https:\/\/conakrynews.org\">www.conakrynews.org<\/a> 664594788<\/p>\n<p><img loading=\"lazy\" decoding=\"async\" class=\"alignnone size-medium wp-image-2390\" src=\"https:\/\/conakrynews.org\/wp-content\/uploads\/2018\/08\/LOGO-FR-515x324.png\" alt=\"\" width=\"515\" height=\"324\" srcset=\"https:\/\/conakrynews.org\/wp-content\/uploads\/2018\/08\/LOGO-FR-515x324.png 515w, https:\/\/conakrynews.org\/wp-content\/uploads\/2018\/08\/LOGO-FR-270x170.png 270w, https:\/\/conakrynews.org\/wp-content\/uploads\/2018\/08\/LOGO-FR.png 600w\" sizes=\"auto, (max-width: 515px) 100vw, 515px\" \/><\/p>\n","protected":false},"excerpt":{"rendered":"<p>La premi\u00e8re \u00e9dition du Forum de Paris sur la Paix se tiendra du 11 au 13 novembre 2018. Sommaire Les objectifs du Forum de Paris sur la Paix Une plateforme d\u2019\u00e9change et de d\u00e9bat Pr\u00e9sentez votre projet de gouvernance avant le 30 ao\u00fbt En r\u00e9ponse \u00e0 la mont\u00e9e des tensions du monde contemporain, le Forum [&hellip;]<\/p>\n","protected":false},"author":2,"featured_media":2390,"comment_status":"open","ping_status":"open","sticky":false,"template":"","format":"standard","meta":{"footnotes":""},"categories":[1],"tags":[],"class_list":{"0":"post-2389","1":"post","2":"type-post","3":"status-publish","4":"format-standard","5":"has-post-thumbnail","7":"category-non-classe"},"_links":{"self":[{"href":"https:\/\/conakrynews.org\/index.php\/wp-json\/wp\/v2\/posts\/2389","targetHints":{"allow":["GET"]}}],"collection":[{"href":"https:\/\/conakrynews.org\/index.php\/wp-json\/wp\/v2\/posts"}],"about":[{"href":"https:\/\/conakrynews.org\/index.php\/wp-json\/wp\/v2\/types\/post"}],"author":[{"embeddable":true,"href":"https:\/\/conakrynews.org\/index.php\/wp-json\/wp\/v2\/users\/2"}],"replies":[{"embeddable":true,"href":"https:\/\/conakrynews.org\/index.php\/wp-json\/wp\/v2\/comments?post=2389"}],"version-history":[{"count":0,"href":"https:\/\/conakrynews.org\/index.php\/wp-json\/wp\/v2\/posts\/2389\/revisions"}],"wp:featuredmedia":[{"embeddable":true,"href":"https:\/\/conakrynews.org\/index.php\/wp-json\/wp\/v2\/media\/2390"}],"wp:attachment":[{"href":"https:\/\/conakrynews.org\/index.php\/wp-json\/wp\/v2\/media?parent=2389"}],"wp:term":[{"taxonomy":"category","embeddable":true,"href":"https:\/\/conakrynews.org\/index.php\/wp-json\/wp\/v2\/categories?post=2389"},{"taxonomy":"post_tag","embeddable":true,"href":"https:\/\/conakrynews.org\/index.php\/wp-json\/wp\/v2\/tags?post=2389"}],"curies":[{"name":"wp","href":"https:\/\/api.w.org\/{rel}","templated":true}]}}