{"id":2392,"date":"2018-08-09T12:20:22","date_gmt":"2018-08-09T10:20:22","guid":{"rendered":"https:\/\/conakrynews.org\/?p=2392"},"modified":"2018-08-09T12:20:22","modified_gmt":"2018-08-09T10:20:22","slug":"contentieux-electoral-enfin-accord-trouve-entre-lopposition-mouvance","status":"publish","type":"post","link":"https:\/\/conakrynews.org\/index.php\/contentieux-electoral-enfin-accord-trouve-entre-lopposition-mouvance\/","title":{"rendered":"Contentieux \u00e9lectoral : Enfin  un accord  trouv\u00e9 entre l\u2019opposition et la mouvance"},"content":{"rendered":"<p><strong>\u00a0L&rsquo;opposition r\u00e9publicaine Guin\u00e9enne a \u00a0suspendu\u00a0\u00a0 sa manifestation\u00a0 qui \u00e9tait pr\u00e9vue le jeudi 09 ao\u00fbt 2018 \u00e0 Conakry. Les raisons de ces manifestations politiques\u00a0 sont dues \u00a0au \u00a0retard dans le r\u00e8glement du contentieux \u00e9lectoral. L\u2019opposition et la mouvance ont \u00a0finalement trouv\u00e9 \u00a0un accord par rapport au contentieux li\u00e9s aux \u00e9lections communales du 04 f\u00e9vrier 2018. Dans cette rencontre, la mouvance \u00e9tait \u00a0\u00a0repr\u00e9sent\u00e9e \u00a0par l&rsquo;honorable amadou Damaro Camara et l&rsquo;opposition\u00a0 repr\u00e9sent\u00e9 par \u00a0\u00a0Cellou Dalein Diallo, Chef de Fil de l\u2019opposition et pr\u00e9sident de l\u2019UFDG.<\/p>\n<p><\/strong><\/p>\n<p>&nbsp;<\/p>\n<p>Au terme de cette rencontre qui \u00e0 pris plusieurs heures, il a \u00e9t\u00e9 d\u00e9cid\u00e9 de laisser la mairie de kindia- la grande agglom\u00e9ration qui est situ\u00e9e \u00e0 135 km,\u00e0 l&rsquo;est de Conakry pour l&rsquo;ufdg et celle de Dubreka au RPG arc-en-ciel.<br \/>\nAu QG du parti UFDG,Tibou Camara, ministre de l&rsquo;industrie, g\u00e9n\u00e9ral Bourema Cond\u00e9 actuel ministre de l&rsquo;administration du territoire et de la d\u00e9centralisation \u00e9taient aux rendez-vous \u00e0 cette rencontre .<br \/>\nPrenant la parole, Cellou Dalein Diallo \u00e0 promis de veiller au grain sur l&rsquo;application int\u00e9grale des conclusions dudit \u00a0accord. Avant d\u2019annoncer\u00a0 \u00a0la suspension du mot d&rsquo;ordre de la manifestation.\u00a0\u00ab\u00a0 Nous \u00e9tions\u00a0 \u00a0pr\u00eat pour descendre demain dans les rues mais une solution a \u00e9t\u00e9 trouv\u00e9e autour de la table des n\u00e9gociations. Et, je demande aux militants de l&rsquo;opposition de suspendre la manifestation\u00a0\u00bb, a conclu \u00a0le chef de fil de l\u2019opposition.<br \/>\n&nbsp;<\/p>\n<p>Akila pour <a href=\"http:\/\/www.Conakrynews.org\">www.Conakrynews.org<\/a><\/p>\n<p><img loading=\"lazy\" decoding=\"async\" class=\"alignnone size-medium wp-image-2393\" src=\"https:\/\/conakrynews.org\/wp-content\/uploads\/2018\/08\/kila-2-500x375.jpeg\" alt=\"\" width=\"500\" height=\"375\" srcset=\"https:\/\/conakrynews.org\/wp-content\/uploads\/2018\/08\/kila-2-500x375.jpeg 500w, https:\/\/conakrynews.org\/wp-content\/uploads\/2018\/08\/kila-2.jpeg 720w\" sizes=\"auto, (max-width: 500px) 100vw, 500px\" \/><\/p>\n","protected":false},"excerpt":{"rendered":"<p>\u00a0L&rsquo;opposition r\u00e9publicaine Guin\u00e9enne a \u00a0suspendu\u00a0\u00a0 sa manifestation\u00a0 qui \u00e9tait pr\u00e9vue le jeudi 09 ao\u00fbt 2018 \u00e0 Conakry. Les raisons de ces manifestations politiques\u00a0 sont dues \u00a0au \u00a0retard dans le r\u00e8glement du contentieux \u00e9lectoral. L\u2019opposition et la mouvance ont \u00a0finalement trouv\u00e9 \u00a0un accord par rapport au contentieux li\u00e9s aux \u00e9lections communales du 04 f\u00e9vrier 2018. Dans [&hellip;]<\/p>\n","protected":false},"author":2,"featured_media":2393,"comment_status":"open","ping_status":"open","sticky":false,"template":"","format":"standard","meta":{"footnotes":""},"categories":[1],"tags":[],"class_list":{"0":"post-2392","1":"post","2":"type-post","3":"status-publish","4":"format-standard","5":"has-post-thumbnail","7":"category-non-classe"},"_links":{"self":[{"href":"https:\/\/conakrynews.org\/index.php\/wp-json\/wp\/v2\/posts\/2392","targetHints":{"allow":["GET"]}}],"collection":[{"href":"https:\/\/conakrynews.org\/index.php\/wp-json\/wp\/v2\/posts"}],"about":[{"href":"https:\/\/conakrynews.org\/index.php\/wp-json\/wp\/v2\/types\/post"}],"author":[{"embeddable":true,"href":"https:\/\/conakrynews.org\/index.php\/wp-json\/wp\/v2\/users\/2"}],"replies":[{"embeddable":true,"href":"https:\/\/conakrynews.org\/index.php\/wp-json\/wp\/v2\/comments?post=2392"}],"version-history":[{"count":0,"href":"https:\/\/conakrynews.org\/index.php\/wp-json\/wp\/v2\/posts\/2392\/revisions"}],"wp:featuredmedia":[{"embeddable":true,"href":"https:\/\/conakrynews.org\/index.php\/wp-json\/wp\/v2\/media\/2393"}],"wp:attachment":[{"href":"https:\/\/conakrynews.org\/index.php\/wp-json\/wp\/v2\/media?parent=2392"}],"wp:term":[{"taxonomy":"category","embeddable":true,"href":"https:\/\/conakrynews.org\/index.php\/wp-json\/wp\/v2\/categories?post=2392"},{"taxonomy":"post_tag","embeddable":true,"href":"https:\/\/conakrynews.org\/index.php\/wp-json\/wp\/v2\/tags?post=2392"}],"curies":[{"name":"wp","href":"https:\/\/api.w.org\/{rel}","templated":true}]}}