{"id":2412,"date":"2018-08-16T10:43:37","date_gmt":"2018-08-16T08:43:37","guid":{"rendered":"https:\/\/conakrynews.org\/?p=2412"},"modified":"2018-08-16T14:43:12","modified_gmt":"2018-08-16T12:43:12","slug":"accords-politiques-guinee-bientot-linstallation-elus-locaux","status":"publish","type":"post","link":"https:\/\/conakrynews.org\/index.php\/accords-politiques-guinee-bientot-linstallation-elus-locaux\/","title":{"rendered":"Accords politiques Inter Guin\u00e9en : Bient\u00f4t l\u2019installation  des  \u00e9lus locaux"},"content":{"rendered":"<p><strong><em>La 25 \u00e8me session des accords politiques du comit\u00e9 de suivi s\u2019est tenue ce mardi 14 ao\u00fbt 2018 \u00e0 Conakry. Une rencontre qui a permis aux acteurs politiques de trouver une solution\u00a0 par rapport \u00e0 l&rsquo;installation des\u00a0 conseils ex\u00e9cutifs\u00a0 \u00a0communaux dans les 342 communes urbaines et rurales de la Guin\u00e9e.<\/em><\/strong><\/p>\n<p>&nbsp;<\/p>\n<p>Suite \u00e0 la signature d&rsquo;un protocole d&rsquo;accord entre l&rsquo;opposition r\u00e9publicaine et la mouvance pr\u00e9sidentielle, les acteurs politiques s\u2019en f\u00e9licitent de la tenue\u00a0 de cette 25 \u00e8me session du comit\u00e9 de dialogue et\u00a0 de suivi.<\/p>\n<p><img loading=\"lazy\" decoding=\"async\" class=\"alignnone size-medium wp-image-2413\" src=\"https:\/\/conakrynews.org\/wp-content\/uploads\/2018\/08\/photo-\u00e9lus-loacux-500x375.jpg\" alt=\"\" width=\"500\" height=\"375\" srcset=\"https:\/\/conakrynews.org\/wp-content\/uploads\/2018\/08\/photo-\u00e9lus-loacux-500x375.jpg 500w, https:\/\/conakrynews.org\/wp-content\/uploads\/2018\/08\/photo-\u00e9lus-loacux-768x576.jpg 768w, https:\/\/conakrynews.org\/wp-content\/uploads\/2018\/08\/photo-\u00e9lus-loacux.jpg 960w\" sizes=\"auto, (max-width: 500px) 100vw, 500px\" \/>R\u00e9pondant la question des journalistes, le ministre de l&rsquo;administration du territoire et de la d\u00e9centralisation, Le G\u00e9n\u00e9ral\u00a0\u00a0 Bour\u00e9ma a d\u00e9clar\u00e9 \u00e0 la presse qu\u2019il faut s&rsquo;en f\u00e9liciter aujourd\u2019hui\u00a0 parce que \u00a0les acteurs politiques se sont compris et se sont entendus par\u00a0\u00a0 rapport \u00e0 l\u2019installation des conseils ex\u00e9cutifs et communaux. \u00ab\u00a0D&rsquo;habitude le d\u00e9bat prenait\u00a0 deux (2) ou trois (3) heures mais aujourd\u2019hui, cette rencontre n&rsquo;a dur\u00e9 qu\u2019une \u00a01heure. C&rsquo;est pour vous dire qu&rsquo;il y a eu une avanc\u00e9e significative dans ce processus\u00a0\u00bb, a expliqu\u00e9 le Ministre Bour\u00e9ma Cond\u00e9.<\/p>\n<p>&nbsp;<\/p>\n<p>&nbsp;<\/p>\n<p>Avant d\u2019ajouter\u00a0:\u00a0\u00abNous allons \u00eatre tr\u00e8s bient\u00f4t sur le terrain pour mettre en place les \u00e9lus locaux parce que notre pays a \u00a0beaucoup souffert \u00a0pour faute\u00a0 d\u2019absence \u00e0 la communalisation dans le pays. Quand les \u00e9lus ne travaillent pas le d\u00e9veloppement \u00e0 la base\u00a0 sera compl\u00e8tement\u00a0\u00bb.<\/p>\n<p>&nbsp;<\/p>\n<p>Pr\u00e9sent \u00e0\u00a0 la rencontre, \u00a0Mamadou Cellou Bald\u00e9, d\u00e9put\u00e9 \u00e0 l\u2019Assembl\u00e9e Nationale a\u00a0\u00a0\u00a0 fait savoir\u00a0 que des recommandations ont \u00e9t\u00e9 faites notamment \u00a0par rapport \u00e0 l&rsquo;indemnisation et la lib\u00e9ration des d\u00e9tenus politiques.<\/p>\n<p>\u00ab\u00a0\u00a0Il a \u00e9t\u00e9 recommand\u00e9\u00a0 au ministre de l&rsquo;administration du territoire et \u00a0pr\u00e9sident du comit\u00e9 de suivi, de dresser\u00a0 une correspondance au ministre de la justice par rapport au point\u00a0 de la lib\u00e9ralisation des\u00a0 prisonniers politiques \u00a0afin que cela soit examiner avec diligence. Egalement qu\u2019 une autre \u00a0correspondance soit adresser au ministre du budget pour l&rsquo;inscription en ligne dans la loi des finances rectificatives qui est en train d&rsquo;\u00eatre examin\u00e9e \u00e0 l&rsquo;Assembl\u00e9e Nationale concernant le volet d&rsquo;indemnisation des victimes des \u00a0manifestations politiques\u00a0\u00bb, <strong>a conclu l\u2019honorable Bald\u00e9 <\/strong><\/p>\n<p>&nbsp;<\/p>\n<p><strong>Oumar konat\u00e9 \u00a0pour <a href=\"https:\/\/conakrynews.org\/\">www.conakrynews.org<\/a> 621077446<\/strong><\/p>\n<p>&nbsp;<\/p>\n","protected":false},"excerpt":{"rendered":"<p>La 25 \u00e8me session des accords politiques du comit\u00e9 de suivi s\u2019est tenue ce mardi 14 ao\u00fbt 2018 \u00e0 Conakry. Une rencontre qui a permis aux acteurs politiques de trouver une solution\u00a0 par rapport \u00e0 l&rsquo;installation des\u00a0 conseils ex\u00e9cutifs\u00a0 \u00a0communaux dans les 342 communes urbaines et rurales de la Guin\u00e9e. &nbsp; Suite \u00e0 la signature [&hellip;]<\/p>\n","protected":false},"author":2,"featured_media":2413,"comment_status":"open","ping_status":"open","sticky":false,"template":"","format":"standard","meta":{"footnotes":""},"categories":[1],"tags":[],"class_list":{"0":"post-2412","1":"post","2":"type-post","3":"status-publish","4":"format-standard","5":"has-post-thumbnail","7":"category-non-classe"},"_links":{"self":[{"href":"https:\/\/conakrynews.org\/index.php\/wp-json\/wp\/v2\/posts\/2412","targetHints":{"allow":["GET"]}}],"collection":[{"href":"https:\/\/conakrynews.org\/index.php\/wp-json\/wp\/v2\/posts"}],"about":[{"href":"https:\/\/conakrynews.org\/index.php\/wp-json\/wp\/v2\/types\/post"}],"author":[{"embeddable":true,"href":"https:\/\/conakrynews.org\/index.php\/wp-json\/wp\/v2\/users\/2"}],"replies":[{"embeddable":true,"href":"https:\/\/conakrynews.org\/index.php\/wp-json\/wp\/v2\/comments?post=2412"}],"version-history":[{"count":0,"href":"https:\/\/conakrynews.org\/index.php\/wp-json\/wp\/v2\/posts\/2412\/revisions"}],"wp:featuredmedia":[{"embeddable":true,"href":"https:\/\/conakrynews.org\/index.php\/wp-json\/wp\/v2\/media\/2413"}],"wp:attachment":[{"href":"https:\/\/conakrynews.org\/index.php\/wp-json\/wp\/v2\/media?parent=2412"}],"wp:term":[{"taxonomy":"category","embeddable":true,"href":"https:\/\/conakrynews.org\/index.php\/wp-json\/wp\/v2\/categories?post=2412"},{"taxonomy":"post_tag","embeddable":true,"href":"https:\/\/conakrynews.org\/index.php\/wp-json\/wp\/v2\/tags?post=2412"}],"curies":[{"name":"wp","href":"https:\/\/api.w.org\/{rel}","templated":true}]}}