{"id":2417,"date":"2018-08-16T12:52:45","date_gmt":"2018-08-16T10:52:45","guid":{"rendered":"https:\/\/conakrynews.org\/?p=2417"},"modified":"2018-08-16T12:52:45","modified_gmt":"2018-08-16T10:52:45","slug":"affaire-pac-directeur-financier-demissionne-a-cause-de-signature-contrat","status":"publish","type":"post","link":"https:\/\/conakrynews.org\/index.php\/affaire-pac-directeur-financier-demissionne-a-cause-de-signature-contrat\/","title":{"rendered":"AFFAIRE   PAC : Le Directeur Financier d\u00e9missionne \u00e0 cause de la signature du Contrat"},"content":{"rendered":"<p><strong>Depuis la signature du contrat le \u00a0vendredi \u00a010 Ao\u00fbt 2018 \u00a0\u00a0entre l&rsquo;\u00c9tat guin\u00e9en et une Soci\u00e9t\u00e9 turque \u00a0\u00a0appel\u00e9e\u00a0 Albayrak- appartenant \u00e0 la famille du ministre des finances de la Turquie, \u00a0Berat Albayrak et gendre du pr\u00e9sident Teyip Erdogan concernant l&rsquo;extension et l&rsquo;exploitation du Port Autonome de Conakry \u00a0(PAC).Aujourd\u2019hui donc\u00a0 une bataille sans cesse\u00a0 est engag\u00e9e entre le gouvernement et\u00a0 ces travailleurs dudit port.<\/p>\n<p><\/strong>Joint au t\u00e9l\u00e9phone\u00a0 dans l\u2019\u00e9mission Espace Expression \u00a0de la Radio Espcae F.M, le Syndicaliste Sory Magassouba\u00a0 \u00a0 \u00e0 d\u00e9clar\u00e9 que le directeur financier et comptable du port autonome de Conakry, Ibrahima kalil Keita \u00a0en service \u00a0Au\u00a0\u00a0 Port depuis 1983, aurait d\u00e9missionn\u00e9 de son poste\u00a0\u00a0 pour des raisons\u00a0 li\u00e9es \u00a0\u00a0\u00a0\u00e0 la signature du contrat \u00a0entre \u00a0l\u2019Etat \u00a0Guin\u00e9en et la Soci\u00e9t\u00e9 Turque.<br \/>\n\u00c0 en croire notre reporter, les syndicalistes du port exigent\u00a0 \u00a0que le comptable soit ret<img loading=\"lazy\" decoding=\"async\" class=\"alignnone size-full wp-image-2418\" src=\"https:\/\/conakrynews.org\/wp-content\/uploads\/2018\/08\/images-7.jpeg\" alt=\"\" width=\"141\" height=\"83\" \/>ourner\u00a0 \u00a0 dans\u00a0 ses fonctions.<\/p>\n<p>&nbsp;<\/p>\n<p><strong>Nous y reviendrons \u00a0\u2026<\/p>\n<p><\/strong><\/p>\n<p><strong>Akila pour\u00a0www.Conakrynews.org<\/strong><\/p>\n<p>&nbsp;<\/p>\n","protected":false},"excerpt":{"rendered":"<p>Depuis la signature du contrat le \u00a0vendredi \u00a010 Ao\u00fbt 2018 \u00a0\u00a0entre l&rsquo;\u00c9tat guin\u00e9en et une Soci\u00e9t\u00e9 turque \u00a0\u00a0appel\u00e9e\u00a0 Albayrak- appartenant \u00e0 la famille du ministre des finances de la Turquie, \u00a0Berat Albayrak et gendre du pr\u00e9sident Teyip Erdogan concernant l&rsquo;extension et l&rsquo;exploitation du Port Autonome de Conakry \u00a0(PAC).Aujourd\u2019hui donc\u00a0 une bataille sans cesse\u00a0 est engag\u00e9e [&hellip;]<\/p>\n","protected":false},"author":2,"featured_media":2418,"comment_status":"open","ping_status":"open","sticky":false,"template":"","format":"standard","meta":{"footnotes":""},"categories":[1],"tags":[],"class_list":{"0":"post-2417","1":"post","2":"type-post","3":"status-publish","4":"format-standard","5":"has-post-thumbnail","7":"category-non-classe"},"_links":{"self":[{"href":"https:\/\/conakrynews.org\/index.php\/wp-json\/wp\/v2\/posts\/2417","targetHints":{"allow":["GET"]}}],"collection":[{"href":"https:\/\/conakrynews.org\/index.php\/wp-json\/wp\/v2\/posts"}],"about":[{"href":"https:\/\/conakrynews.org\/index.php\/wp-json\/wp\/v2\/types\/post"}],"author":[{"embeddable":true,"href":"https:\/\/conakrynews.org\/index.php\/wp-json\/wp\/v2\/users\/2"}],"replies":[{"embeddable":true,"href":"https:\/\/conakrynews.org\/index.php\/wp-json\/wp\/v2\/comments?post=2417"}],"version-history":[{"count":0,"href":"https:\/\/conakrynews.org\/index.php\/wp-json\/wp\/v2\/posts\/2417\/revisions"}],"wp:featuredmedia":[{"embeddable":true,"href":"https:\/\/conakrynews.org\/index.php\/wp-json\/wp\/v2\/media\/2418"}],"wp:attachment":[{"href":"https:\/\/conakrynews.org\/index.php\/wp-json\/wp\/v2\/media?parent=2417"}],"wp:term":[{"taxonomy":"category","embeddable":true,"href":"https:\/\/conakrynews.org\/index.php\/wp-json\/wp\/v2\/categories?post=2417"},{"taxonomy":"post_tag","embeddable":true,"href":"https:\/\/conakrynews.org\/index.php\/wp-json\/wp\/v2\/tags?post=2417"}],"curies":[{"name":"wp","href":"https:\/\/api.w.org\/{rel}","templated":true}]}}