{"id":2422,"date":"2018-08-17T11:09:28","date_gmt":"2018-08-17T09:09:28","guid":{"rendered":"https:\/\/conakrynews.org\/?p=2422"},"modified":"2018-08-17T11:09:28","modified_gmt":"2018-08-17T09:09:28","slug":"guinee-ministre-sompare-sollicite-rapprochements-entre-medias-publics-prives","status":"publish","type":"post","link":"https:\/\/conakrynews.org\/index.php\/guinee-ministre-sompare-sollicite-rapprochements-entre-medias-publics-prives\/","title":{"rendered":"Guin\u00e9e : Le Ministre  Sompar\u00e9  sollicite    des rapprochements  entre les medias publics et priv\u00e9s"},"content":{"rendered":"<p><strong><em>Le ministre de la communication et de l&rsquo;information a re\u00e7u ce jeudi 16 ao\u00fbt \u00e0 Conakry le pr\u00e9sident de l&rsquo;Union des Radios et T\u00e9l\u00e9visions libres de Guin\u00e9e. Objectif ? Mettre en place un cadre de concertation pour le rapprochement entre les diff\u00e9rents Services des organes de la presse publique et priv\u00e9e.<\/em><\/strong><\/p>\n<p><strong>Renforcer une bonne collaboration entre les medias d&rsquo;Etat et ceux des m\u00e9dias \u00a0priv\u00e9s \u00a0 est l&rsquo;un des soucis majeurs\u00a0 du ministre de la communication et de l&rsquo;information pour le bon rayonnement de la presse guin\u00e9enne.<\/strong><\/p>\n<p>A l\u2019entame de son intervention, le ministre de la communication et de l&rsquo;information Amara Sompar\u00e9 a expliqu\u00e9 que cette rencontre consiste \u00e0 rapprocher des medias de services publics et les organes de \u00a0la presse priv\u00e9e.\u00a0 \u00ab\u00a0Ce rapprochement va se concr\u00e9tiser par la mise en place d&rsquo;un cadre de concertation permanent qui sera une plateforme de dialogue entre les deux bords sous la tutelle du minist\u00e8re en charg de la Communication.<\/p>\n<p>Selon le ministre \u00a0ce type de structure est indispensable pour essayer de gommer les incompr\u00e9hensions qui existent de part et d&rsquo;autre. \u00ab\u00a0La presse priv\u00e9e\u00a0 n\u2019est une presse d&rsquo;opposition tout comme la presse publique n&rsquo;est une presse de propagande explique le ministre Amara Sompar\u00e9\u00a0\u00bb, a indiqu\u00e9 le \u00a0\u00a0\u00a0\u00a0\u00a0 Ministre Sompar\u00e9<\/p>\n<p>Avant de pr\u00e9ciser\u00a0\u00a0 que \u00a0tous les journalistes que tu sois du public ou priv\u00e9,\u00a0 ont tous \u00a0un objectif commun celui de l&rsquo;information.<\/p>\n<p>\u00ab\u00a0Ce cadre de concertation permanent permettra ensemble de poser les\u00a0 probl\u00e8mes \u00a0sur la table \u00a0et les\u00a0 discuter\u00a0 responsables pour trouver une solution ad\u00e9quate pour am\u00e9liorer les conditions de travail des journalistes de Guin\u00e9e. Am\u00e9liorer leur niveau, renforcer leur capacit\u00e9 leur \u00a0permettant\u00a0 de mieux appr\u00e9hender les r\u00e8gles\u00a0 d\u00e9ontologiques\u00a0 qui permettront de garantir les lois r\u00e9publicaines et le maintien de l&rsquo;ordre public\u00a0\u00bb, a\u00a0 ajout\u00e9 le ministre.<\/p>\n<p>Pour sa part, le pr\u00e9sident de l&rsquo;union des Radios et t\u00e9l\u00e9visions libres de Guin\u00e9e \u00a0M.Sanou Kerfala\u00a0 Ciss\u00e9\u00a0 a rappel\u00e9\u00a0:\u00a0\u00ab\u00a0Nous avons \u00a0\u00a0\u00a0l&rsquo;habitude de demander le rendez-vous chez le ministre, mais cette fois-ci le ministre a renvers\u00e9 la\u00a0 tendance\u00a0 en nous \u00a0\u00a0invitant pour un cadre de dialogue. Nous saluons cette d\u00e9marche participative \u00e0 laquelle il nous a fait part. Nous avons re\u00e7u le document, nous allons l&rsquo;examiner pour le rayonnement de la presse dans son ensemble et pour le bien \u00eatre de la population\u00a0\u00bb.<\/p>\n<p>Par Oumar Konate pour www.Conakrynews.org<\/p>\n<p>&nbsp;<\/p>\n<p><img loading=\"lazy\" decoding=\"async\" class=\"alignnone size-medium wp-image-2423\" src=\"https:\/\/conakrynews.org\/wp-content\/uploads\/2018\/08\/Photo-urtelgui-499x375.jpg\" alt=\"\" width=\"499\" height=\"375\" srcset=\"https:\/\/conakrynews.org\/wp-content\/uploads\/2018\/08\/Photo-urtelgui-499x375.jpg 499w, https:\/\/conakrynews.org\/wp-content\/uploads\/2018\/08\/Photo-urtelgui-768x578.jpg 768w, https:\/\/conakrynews.org\/wp-content\/uploads\/2018\/08\/Photo-urtelgui.jpg 960w\" sizes=\"auto, (max-width: 499px) 100vw, 499px\" \/><\/p>\n","protected":false},"excerpt":{"rendered":"<p>Le ministre de la communication et de l&rsquo;information a re\u00e7u ce jeudi 16 ao\u00fbt \u00e0 Conakry le pr\u00e9sident de l&rsquo;Union des Radios et T\u00e9l\u00e9visions libres de Guin\u00e9e. Objectif ? Mettre en place un cadre de concertation pour le rapprochement entre les diff\u00e9rents Services des organes de la presse publique et priv\u00e9e. Renforcer une bonne collaboration [&hellip;]<\/p>\n","protected":false},"author":2,"featured_media":2423,"comment_status":"open","ping_status":"open","sticky":false,"template":"","format":"standard","meta":{"footnotes":""},"categories":[1],"tags":[],"class_list":{"0":"post-2422","1":"post","2":"type-post","3":"status-publish","4":"format-standard","5":"has-post-thumbnail","7":"category-non-classe"},"_links":{"self":[{"href":"https:\/\/conakrynews.org\/index.php\/wp-json\/wp\/v2\/posts\/2422","targetHints":{"allow":["GET"]}}],"collection":[{"href":"https:\/\/conakrynews.org\/index.php\/wp-json\/wp\/v2\/posts"}],"about":[{"href":"https:\/\/conakrynews.org\/index.php\/wp-json\/wp\/v2\/types\/post"}],"author":[{"embeddable":true,"href":"https:\/\/conakrynews.org\/index.php\/wp-json\/wp\/v2\/users\/2"}],"replies":[{"embeddable":true,"href":"https:\/\/conakrynews.org\/index.php\/wp-json\/wp\/v2\/comments?post=2422"}],"version-history":[{"count":0,"href":"https:\/\/conakrynews.org\/index.php\/wp-json\/wp\/v2\/posts\/2422\/revisions"}],"wp:featuredmedia":[{"embeddable":true,"href":"https:\/\/conakrynews.org\/index.php\/wp-json\/wp\/v2\/media\/2423"}],"wp:attachment":[{"href":"https:\/\/conakrynews.org\/index.php\/wp-json\/wp\/v2\/media?parent=2422"}],"wp:term":[{"taxonomy":"category","embeddable":true,"href":"https:\/\/conakrynews.org\/index.php\/wp-json\/wp\/v2\/categories?post=2422"},{"taxonomy":"post_tag","embeddable":true,"href":"https:\/\/conakrynews.org\/index.php\/wp-json\/wp\/v2\/tags?post=2422"}],"curies":[{"name":"wp","href":"https:\/\/api.w.org\/{rel}","templated":true}]}}