{"id":2433,"date":"2018-08-18T09:33:41","date_gmt":"2018-08-18T07:33:41","guid":{"rendered":"https:\/\/conakrynews.org\/?p=2433"},"modified":"2018-08-18T09:43:03","modified_gmt":"2018-08-18T07:43:03","slug":"conakry-organisateurs-de-plateforme-vivre-a-paris-annoncent-tenue-de-4eme-edition","status":"publish","type":"post","link":"https:\/\/conakrynews.org\/index.php\/conakry-organisateurs-de-plateforme-vivre-a-paris-annoncent-tenue-de-4eme-edition\/","title":{"rendered":"Conakry : Les organisateurs de la Plateforme \u00ab  vivre \u00e0 Paris \u00bb annoncent la tenue de la 4\u00e8me \u00e9dition"},"content":{"rendered":"<p><img loading=\"lazy\" decoding=\"async\" class=\"alignnone size-medium wp-image-2438\" src=\"https:\/\/conakrynews.org\/wp-content\/uploads\/2018\/08\/photo-plate-iks-500x375.jpg\" alt=\"\" width=\"500\" height=\"375\" srcset=\"https:\/\/conakrynews.org\/wp-content\/uploads\/2018\/08\/photo-plate-iks-500x375.jpg 500w, https:\/\/conakrynews.org\/wp-content\/uploads\/2018\/08\/photo-plate-iks-768x576.jpg 768w, https:\/\/conakrynews.org\/wp-content\/uploads\/2018\/08\/photo-plate-iks.jpg 960w\" sizes=\"auto, (max-width: 500px) 100vw, 500px\" \/>Les\u00a0 organisateurs\u00a0 de la 4 \u00e8me \u00e9dition de la plateforme \u00a0\u00bbvivre \u00e0 Paris\u00a0\u00bb \u00a0\u00e9taient devant les m\u00e9dias publics\u00a0 et priv\u00e9s ce Vendredi 17 Ao\u00fbt 2018 \u00e0\u00a0 Conakry. Cette conf\u00e9rence\u00a0 tenue \u00e0 la maison de la presse de Guin\u00e9e avait pour\u00a0 but\u00a0 d\u2019\u00e9changer avec les m\u00e9dias \u00a0sur les \u00a0\u00a0\u00a0dispositions organisationnelles par rapport \u00e0 la r\u00e9ussite de ladite \u00e9dition.<\/p>\n<p>Plac\u00e9e \u00a0sous le th\u00e8me\u00a0: \u00ab\u00ab\u00a0Investissement et medias au Service du d\u00e9veloppement de la culture et du tourisme en R\u00e9publique de Guin\u00e9e\u00a0\u00bb\u00a0\u00bb. Cette \u00a0rencontre\u00a0 internationale va favoriser \u00a0des \u00e9changes entre \u00a0la diaspora guin\u00e9enne et les investisseurs fran\u00e7ais et venus d&rsquo;ailleurs sur les opportunit\u00e9s d&rsquo;investissement et dans les domaines de la culture et du tourisme en Guin\u00e9e.<\/p>\n<p>Dans son intervention, Alfred Houl\u00e9mou,Commissaire G\u00e9n\u00e9ral de la plateforme\u00a0\u00bb vivre \u00e0 Paris\u00a0\u00bb , a d\u00e9clar\u00e9 \u00a0\u00a0\u00a0qu\u2019il aura plus de 300 participants venus de divers horizons parmi lesquels: les repr\u00e9sentants du gouvernement guin\u00e9en, les \u00a0repr\u00e9sentants des institutions internationales, des entreprises du secteur public et priv\u00e9 .<\/p>\n<p>Parlant des objectifs sp\u00e9cifiques de cette 4\u00e8me \u00e9dition. M.Alfr\u00e8d a\u00a0 indiqu\u00e9 :\u00a0\u00ab\u00a0 C\u2019est de\u00a0 cr\u00e9er \u00a0un espace de rencontre annuelles et de mise en relation entre les acteurs guin\u00e9ens et fran\u00e7ais ; promouvoir des produits touristiques, culturels, artisanaux de la Guin\u00e9e en France\u00a0\u00bb, a-t-il indiqu\u00e9.<\/p>\n<p>Avant de \u00a0pr\u00e9ciser que la premi\u00e8re journ\u00e9e sera marqu\u00e9e par des conf\u00e9rences et des discussions entre les participants.<\/p>\n<p>Oumar Konat\u00e9 pour www.conakrynews.org<\/p>\n","protected":false},"excerpt":{"rendered":"<p>Les\u00a0 organisateurs\u00a0 de la 4 \u00e8me \u00e9dition de la plateforme \u00a0\u00bbvivre \u00e0 Paris\u00a0\u00bb \u00a0\u00e9taient devant les m\u00e9dias publics\u00a0 et priv\u00e9s ce Vendredi 17 Ao\u00fbt 2018 \u00e0\u00a0 Conakry. Cette conf\u00e9rence\u00a0 tenue \u00e0 la maison de la presse de Guin\u00e9e avait pour\u00a0 but\u00a0 d\u2019\u00e9changer avec les m\u00e9dias \u00a0sur les \u00a0\u00a0\u00a0dispositions organisationnelles par rapport \u00e0 la r\u00e9ussite de [&hellip;]<\/p>\n","protected":false},"author":2,"featured_media":2438,"comment_status":"open","ping_status":"open","sticky":false,"template":"","format":"standard","meta":{"footnotes":""},"categories":[1],"tags":[],"class_list":{"0":"post-2433","1":"post","2":"type-post","3":"status-publish","4":"format-standard","5":"has-post-thumbnail","7":"category-non-classe"},"_links":{"self":[{"href":"https:\/\/conakrynews.org\/index.php\/wp-json\/wp\/v2\/posts\/2433","targetHints":{"allow":["GET"]}}],"collection":[{"href":"https:\/\/conakrynews.org\/index.php\/wp-json\/wp\/v2\/posts"}],"about":[{"href":"https:\/\/conakrynews.org\/index.php\/wp-json\/wp\/v2\/types\/post"}],"author":[{"embeddable":true,"href":"https:\/\/conakrynews.org\/index.php\/wp-json\/wp\/v2\/users\/2"}],"replies":[{"embeddable":true,"href":"https:\/\/conakrynews.org\/index.php\/wp-json\/wp\/v2\/comments?post=2433"}],"version-history":[{"count":0,"href":"https:\/\/conakrynews.org\/index.php\/wp-json\/wp\/v2\/posts\/2433\/revisions"}],"wp:featuredmedia":[{"embeddable":true,"href":"https:\/\/conakrynews.org\/index.php\/wp-json\/wp\/v2\/media\/2438"}],"wp:attachment":[{"href":"https:\/\/conakrynews.org\/index.php\/wp-json\/wp\/v2\/media?parent=2433"}],"wp:term":[{"taxonomy":"category","embeddable":true,"href":"https:\/\/conakrynews.org\/index.php\/wp-json\/wp\/v2\/categories?post=2433"},{"taxonomy":"post_tag","embeddable":true,"href":"https:\/\/conakrynews.org\/index.php\/wp-json\/wp\/v2\/tags?post=2433"}],"curies":[{"name":"wp","href":"https:\/\/api.w.org\/{rel}","templated":true}]}}