{"id":2440,"date":"2018-08-18T16:47:42","date_gmt":"2018-08-18T14:47:42","guid":{"rendered":"https:\/\/conakrynews.org\/?p=2440"},"modified":"2018-08-18T16:47:42","modified_gmt":"2018-08-18T14:47:42","slug":"bourse-travail-travailleurs-manifestants-port-autonome-de-conakry-disperses-forces-de-lordre","status":"publish","type":"post","link":"https:\/\/conakrynews.org\/index.php\/bourse-travail-travailleurs-manifestants-port-autonome-de-conakry-disperses-forces-de-lordre\/","title":{"rendered":"Bourse du travail : Les  travailleurs manifestants   du Port Autonome de Conakry  dispers\u00e9s  par  des forces de l\u2019ordre"},"content":{"rendered":"<p><strong>Les travailleurs du port autonome de Conakry (PAC) et des\u00a0 syndicalistes ont effectu\u00e9 une forte mobilisation \u00e0 la Bourse du Travail\u00a0 le Vendredi 17 Ao\u00fbt 2018, pour protester \u00a0\u00a0contre\u00a0 le contrat sign\u00e9 entre le gouvernement guin\u00e9en et la soci\u00e9t\u00e9 Albayrak,une Soci\u00e9t\u00e9 turque dont \u00a0le \u00a0propri\u00e9taire \u00a0est gendre de Erdogan, pr\u00e9sident de la Turquie.<\/strong><\/p>\n<p>Les forces de l&rsquo;ordre et de s\u00e9curit\u00e9 ont tir\u00e9 des \u00a0gaz lacrymog\u00e8nes sur les manifestants au niveau de la\u00a0\u00a0 Bourse du travail, au quartier Boulbinet dans la commune administratif de kaloum.Le point de d\u00e9part de la marche organis\u00e9e par ces travailleurs mecontents du Port \u00e9tait pr\u00e9vu\u00a0 \u00e0 la Bourse du travail, \u00a0mais malheureusement\u00a0 les manifestants ont \u00e9t\u00e9\u00a0 \u00a0dispers\u00e9s tr\u00e8s vite\u00a0 par des hommes en Uniforme.<\/p>\n<p>&nbsp;<\/p>\n<figure id=\"attachment_2441\" aria-describedby=\"caption-attachment-2441\" style=\"width: 500px\" class=\"wp-caption alignnone\"><img loading=\"lazy\" decoding=\"async\" class=\"size-medium wp-image-2441\" src=\"https:\/\/conakrynews.org\/wp-content\/uploads\/2018\/08\/Royal-R2_20180817_101517-500x375.jpg\" alt=\"\" width=\"500\" height=\"375\" srcset=\"https:\/\/conakrynews.org\/wp-content\/uploads\/2018\/08\/Royal-R2_20180817_101517-500x375.jpg 500w, https:\/\/conakrynews.org\/wp-content\/uploads\/2018\/08\/Royal-R2_20180817_101517-768x576.jpg 768w\" sizes=\"auto, (max-width: 500px) 100vw, 500px\" \/><figcaption id=\"caption-attachment-2441\" class=\"wp-caption-text\">Exif_JPEG_420<\/figcaption><\/figure>\n<p>Pr\u00e9sent sur les lieux, le Secr\u00e9taire G\u00e9n\u00e9ral adjoint de la CNTG, camarade Mansar\u00e9 \u00a0\u00a0a demand\u00e9 au peuple de guin\u00e9e de se r\u00e9veiller et surtout\u00a0 \u00eatre conscient.<\/p>\n<p>Mohamed camara, cadre informaticien du port autonome de Conakry a \u00a0affirm\u00e9 qu\u2019il a \u00e9t\u00e9 arr\u00eat\u00e9 par des forces de s\u00e9curit\u00e9 avant d\u2019\u00eatre \u00a0jeter \u00a0dans le \u00a0pickup.<\/p>\n<p>\u00c0 noter que plusieurs femmes\u00a0 qui portaient des foulards \u00a0rouges \u00e9taient \u00a0parmi des manifestants.<\/p>\n<p>&nbsp;<\/p>\n<p>&nbsp;<\/p>\n<p>Akila pour\u00a0<a href=\"https:\/\/conakrynews.org\/\">www.Conakrynews.org<\/a><\/p>\n","protected":false},"excerpt":{"rendered":"<p>Les travailleurs du port autonome de Conakry (PAC) et des\u00a0 syndicalistes ont effectu\u00e9 une forte mobilisation \u00e0 la Bourse du Travail\u00a0 le Vendredi 17 Ao\u00fbt 2018, pour protester \u00a0\u00a0contre\u00a0 le contrat sign\u00e9 entre le gouvernement guin\u00e9en et la soci\u00e9t\u00e9 Albayrak,une Soci\u00e9t\u00e9 turque dont \u00a0le \u00a0propri\u00e9taire \u00a0est gendre de Erdogan, pr\u00e9sident de la Turquie. Les forces [&hellip;]<\/p>\n","protected":false},"author":2,"featured_media":2441,"comment_status":"open","ping_status":"open","sticky":false,"template":"","format":"standard","meta":{"footnotes":""},"categories":[1],"tags":[],"class_list":{"0":"post-2440","1":"post","2":"type-post","3":"status-publish","4":"format-standard","5":"has-post-thumbnail","7":"category-non-classe"},"_links":{"self":[{"href":"https:\/\/conakrynews.org\/index.php\/wp-json\/wp\/v2\/posts\/2440","targetHints":{"allow":["GET"]}}],"collection":[{"href":"https:\/\/conakrynews.org\/index.php\/wp-json\/wp\/v2\/posts"}],"about":[{"href":"https:\/\/conakrynews.org\/index.php\/wp-json\/wp\/v2\/types\/post"}],"author":[{"embeddable":true,"href":"https:\/\/conakrynews.org\/index.php\/wp-json\/wp\/v2\/users\/2"}],"replies":[{"embeddable":true,"href":"https:\/\/conakrynews.org\/index.php\/wp-json\/wp\/v2\/comments?post=2440"}],"version-history":[{"count":0,"href":"https:\/\/conakrynews.org\/index.php\/wp-json\/wp\/v2\/posts\/2440\/revisions"}],"wp:featuredmedia":[{"embeddable":true,"href":"https:\/\/conakrynews.org\/index.php\/wp-json\/wp\/v2\/media\/2441"}],"wp:attachment":[{"href":"https:\/\/conakrynews.org\/index.php\/wp-json\/wp\/v2\/media?parent=2440"}],"wp:term":[{"taxonomy":"category","embeddable":true,"href":"https:\/\/conakrynews.org\/index.php\/wp-json\/wp\/v2\/categories?post=2440"},{"taxonomy":"post_tag","embeddable":true,"href":"https:\/\/conakrynews.org\/index.php\/wp-json\/wp\/v2\/tags?post=2440"}],"curies":[{"name":"wp","href":"https:\/\/api.w.org\/{rel}","templated":true}]}}