{"id":2524,"date":"2018-09-21T21:46:32","date_gmt":"2018-09-21T19:46:32","guid":{"rendered":"https:\/\/conakrynews.org\/?p=2524"},"modified":"2018-09-21T21:46:32","modified_gmt":"2018-09-21T19:46:32","slug":"guinee-nouvelle-cartographie-agriculteurs","status":"publish","type":"post","link":"https:\/\/conakrynews.org\/index.php\/guinee-nouvelle-cartographie-agriculteurs\/","title":{"rendered":"Guin\u00e9e: une nouvelle cartographie pour les agriculteurs"},"content":{"rendered":"<p><strong><em>Un atelier de pr\u00e9sentation des r\u00e9sultats de la phase pilote du projet de zonage Agro-Ecologique du territoire guin\u00e9en s\u2019est tenu ce jeudi 20 Septembre 2018 \u00e0 Conakry. Un\u00a0projet qui \u00a0 permettra d&rsquo;identifier et quantifier les zones agricoles actuelles, \u00e0 \u00e9valuer le potentiel agricole et obtenir une cartographie de l&rsquo;occupation du sol.<\/em><\/strong><\/p>\n<p>&nbsp;<\/p>\n<p>Avec le soutien de l&rsquo;Agence Fran\u00e7aise de D\u00e9veloppement, le minist\u00e8re de l&rsquo;agriculture s&rsquo;appuie sur l&rsquo;expertise technique du groupement IGN FI \/ CIRAD et un coordinateur national pour l&rsquo;\u00e9laboration d&rsquo;un zonage agro-\u00e9cologique \u00e0 l&rsquo;\u00e9chelle du pays.<\/p>\n<p>Yaya Sacko, Directeur national des services du sol, a d\u00e9clar\u00e9 \u00a0\u00ab\u00a0L\u2019agro-\u00e9cologique a une importance capitale dans le domaine de l\u2019agriculture. C&rsquo;est un projet qui permet de guider les agriculteurs en mati\u00e8re de pr\u00e9paration du sol, en mati\u00e8re de choix des vari\u00e9t\u00e9s et de choix des semences en fonction de chaque zone agro-\u00e9cologique qui a ses sp\u00e9cificit\u00e9s du point de vue climatique et du sol\u00a0\u00bb a-t-il d\u00e9clar\u00e9.<\/p>\n<p>Avant d\u2019ajouter : \u00ab Ces sp\u00e9cificit\u00e9s permettent aux agriculteurs de choisir le moment qu\u2019il faut pour la pr\u00e9paration des terres, de choisir des vari\u00e9t\u00e9s de semence. Par ce que, si vous choisissez une vari\u00e9t\u00e9 qui a un long cycle et que vous vous trouver dans une zone agro-\u00e9cologique qui n\u2019a que trois saison des pluies et que vous, vous choisissez pour ces sols l\u00e0 une vari\u00e9t\u00e9 qui a 4 \u00e0 5 mois de pluie, l\u2019op\u00e9ration\u00a0 sera vou\u00e9e \u00e0 l\u2019\u00e9chec d\u00e8s le d\u00e9part. C\u2019est tr\u00e8s important qu\u2019on est cette carte de zone agro \u00e9cologique qui va aider tant les sp\u00e9cialiste et les producteurs\u00a0\u00bb, a-t-il ajout\u00e9.<\/p>\n<p>A en croire Monsieur le Directeur, c\u2019est une premi\u00e8re en Afrique qu\u2019un pays dispose d\u2019une cartographie d\u2019occupation des terres.<\/p>\n<p><strong>Oumar Konate 621077446<\/strong><\/p>\n<p><img loading=\"lazy\" decoding=\"async\" class=\"alignnone size-medium wp-image-2525\" src=\"https:\/\/conakrynews.org\/wp-content\/uploads\/2018\/09\/iks-agriculture-498x375.jpg\" alt=\"\" width=\"498\" height=\"375\" srcset=\"https:\/\/conakrynews.org\/wp-content\/uploads\/2018\/09\/iks-agriculture-498x375.jpg 498w, https:\/\/conakrynews.org\/wp-content\/uploads\/2018\/09\/iks-agriculture-768x578.jpg 768w, https:\/\/conakrynews.org\/wp-content\/uploads\/2018\/09\/iks-agriculture.jpg 1080w\" sizes=\"auto, (max-width: 498px) 100vw, 498px\" \/><\/p>\n","protected":false},"excerpt":{"rendered":"<p>Un atelier de pr\u00e9sentation des r\u00e9sultats de la phase pilote du projet de zonage Agro-Ecologique du territoire guin\u00e9en s\u2019est tenu ce jeudi 20 Septembre 2018 \u00e0 Conakry. Un\u00a0projet qui \u00a0 permettra d&rsquo;identifier et quantifier les zones agricoles actuelles, \u00e0 \u00e9valuer le potentiel agricole et obtenir une cartographie de l&rsquo;occupation du sol. &nbsp; Avec le soutien [&hellip;]<\/p>\n","protected":false},"author":2,"featured_media":2525,"comment_status":"open","ping_status":"open","sticky":false,"template":"","format":"standard","meta":{"footnotes":""},"categories":[1],"tags":[],"class_list":{"0":"post-2524","1":"post","2":"type-post","3":"status-publish","4":"format-standard","5":"has-post-thumbnail","7":"category-non-classe"},"_links":{"self":[{"href":"https:\/\/conakrynews.org\/index.php\/wp-json\/wp\/v2\/posts\/2524","targetHints":{"allow":["GET"]}}],"collection":[{"href":"https:\/\/conakrynews.org\/index.php\/wp-json\/wp\/v2\/posts"}],"about":[{"href":"https:\/\/conakrynews.org\/index.php\/wp-json\/wp\/v2\/types\/post"}],"author":[{"embeddable":true,"href":"https:\/\/conakrynews.org\/index.php\/wp-json\/wp\/v2\/users\/2"}],"replies":[{"embeddable":true,"href":"https:\/\/conakrynews.org\/index.php\/wp-json\/wp\/v2\/comments?post=2524"}],"version-history":[{"count":0,"href":"https:\/\/conakrynews.org\/index.php\/wp-json\/wp\/v2\/posts\/2524\/revisions"}],"wp:featuredmedia":[{"embeddable":true,"href":"https:\/\/conakrynews.org\/index.php\/wp-json\/wp\/v2\/media\/2525"}],"wp:attachment":[{"href":"https:\/\/conakrynews.org\/index.php\/wp-json\/wp\/v2\/media?parent=2524"}],"wp:term":[{"taxonomy":"category","embeddable":true,"href":"https:\/\/conakrynews.org\/index.php\/wp-json\/wp\/v2\/categories?post=2524"},{"taxonomy":"post_tag","embeddable":true,"href":"https:\/\/conakrynews.org\/index.php\/wp-json\/wp\/v2\/tags?post=2524"}],"curies":[{"name":"wp","href":"https:\/\/api.w.org\/{rel}","templated":true}]}}