{"id":2530,"date":"2018-09-22T15:06:56","date_gmt":"2018-09-22T13:06:56","guid":{"rendered":"https:\/\/conakrynews.org\/?p=2530"},"modified":"2018-09-22T15:06:56","modified_gmt":"2018-09-22T13:06:56","slug":"crise-sein-de-cour-constitutionnelle-de-guinee-ballai-citoyen-appel-a-forte-mobilisation","status":"publish","type":"post","link":"https:\/\/conakrynews.org\/index.php\/crise-sein-de-cour-constitutionnelle-de-guinee-ballai-citoyen-appel-a-forte-mobilisation\/","title":{"rendered":"Crise au sein de la  Cour constitutionnelle de Guin\u00e9e : Le Ballai Citoyen  en appel \u00e0 une forte mobilisation"},"content":{"rendered":"<p>&nbsp;<\/p>\n<p>Les membres de la\u00a0 Cellule Balai Citoyens\u00a0 ont anim\u00e9 une conf\u00e9rence de presse\u00a0\u00a0\u00a0 ce vendredi \u00a0\u00a021 septembre 2018 \u00a0\u00e0 Conakry. Objectif\u00a0? Annoncer \u00a0l&rsquo;organisation d&rsquo;une marche citoyenne pour le respect de la constitution et la loi organique.<\/p>\n<p>Prenant la parole, le coordinateur de la Cellule Balai Citoyen, Sekou Koundouno, a d\u00e9clar\u00e9\u00a0:\u00a0\u00ab\u00a0 \u00a0Suite \u00e0 la crise qui s\u00e9vie au sein de la cour constitutionnelle dans ces derni\u00e8res semaines, la cellule balai citoyen invite \u00e0 une \u00a0forte mobilisation politique et sociale pour barrer la route aux \u00a0groupes \u00a0\u00a0d&rsquo;individus qui se servent des institutions de la r\u00e9publique \u00e0 des fins personnelles et inavou\u00e9es\u00a0\u00bb, a-t-il d\u00e9clar\u00e9.<\/p>\n<p>&nbsp;<\/p>\n<p><img loading=\"lazy\" decoding=\"async\" class=\"alignnone size-medium wp-image-2531\" src=\"https:\/\/conakrynews.org\/wp-content\/uploads\/2018\/09\/sekou-koundounon-499x375.jpg\" alt=\"\" width=\"499\" height=\"375\" srcset=\"https:\/\/conakrynews.org\/wp-content\/uploads\/2018\/09\/sekou-koundounon-499x375.jpg 499w, https:\/\/conakrynews.org\/wp-content\/uploads\/2018\/09\/sekou-koundounon-768x578.jpg 768w, https:\/\/conakrynews.org\/wp-content\/uploads\/2018\/09\/sekou-koundounon.jpg 960w\" sizes=\"auto, (max-width: 499px) 100vw, 499px\" \/>\u00ab\u00a0A cet effet, la plateforme de la cellule balai citoyen en appel \u00e0 une mobilisation, participation et au sursaut patriotique des organisations de la soci\u00e9t\u00e9 civile, syndicats, des professions lib\u00e9rales, des partis politiques, citoyens et citoyennes engag\u00e9s et toute corporation confondue \u00e0 partir du lundi 24 septembre jusqu&rsquo;au jeudi 27 septembre 2018\u00a0\u00bb, a annonc\u00e9 Sekou Kondouno \u00a0.<\/p>\n<p>Pour Clore ses propos, elle \u00a0a exhort\u00e9\u00a0 au \u00a0pr\u00e9sident de la R\u00e9publique en tant que garant des institutions R\u00e9publicaines \u00e0 intervenir dans la crise au sein de la cour constitutionnelle conform\u00e9ment \u00e0 l&rsquo;article 45 alin\u00e9a 3 de la constitution Guin\u00e9enne .<\/p>\n<p>Oumar konate pour <a href=\"https:\/\/conakrynews.org\">www.conakrynews.org<\/a> : 621077446<\/p>\n","protected":false},"excerpt":{"rendered":"<p>&nbsp; Les membres de la\u00a0 Cellule Balai Citoyens\u00a0 ont anim\u00e9 une conf\u00e9rence de presse\u00a0\u00a0\u00a0 ce vendredi \u00a0\u00a021 septembre 2018 \u00a0\u00e0 Conakry. Objectif\u00a0? Annoncer \u00a0l&rsquo;organisation d&rsquo;une marche citoyenne pour le respect de la constitution et la loi organique. Prenant la parole, le coordinateur de la Cellule Balai Citoyen, Sekou Koundouno, a d\u00e9clar\u00e9\u00a0:\u00a0\u00ab\u00a0 \u00a0Suite \u00e0 la crise [&hellip;]<\/p>\n","protected":false},"author":2,"featured_media":2531,"comment_status":"open","ping_status":"open","sticky":false,"template":"","format":"standard","meta":{"footnotes":""},"categories":[1],"tags":[],"class_list":{"0":"post-2530","1":"post","2":"type-post","3":"status-publish","4":"format-standard","5":"has-post-thumbnail","7":"category-non-classe"},"_links":{"self":[{"href":"https:\/\/conakrynews.org\/index.php\/wp-json\/wp\/v2\/posts\/2530","targetHints":{"allow":["GET"]}}],"collection":[{"href":"https:\/\/conakrynews.org\/index.php\/wp-json\/wp\/v2\/posts"}],"about":[{"href":"https:\/\/conakrynews.org\/index.php\/wp-json\/wp\/v2\/types\/post"}],"author":[{"embeddable":true,"href":"https:\/\/conakrynews.org\/index.php\/wp-json\/wp\/v2\/users\/2"}],"replies":[{"embeddable":true,"href":"https:\/\/conakrynews.org\/index.php\/wp-json\/wp\/v2\/comments?post=2530"}],"version-history":[{"count":0,"href":"https:\/\/conakrynews.org\/index.php\/wp-json\/wp\/v2\/posts\/2530\/revisions"}],"wp:featuredmedia":[{"embeddable":true,"href":"https:\/\/conakrynews.org\/index.php\/wp-json\/wp\/v2\/media\/2531"}],"wp:attachment":[{"href":"https:\/\/conakrynews.org\/index.php\/wp-json\/wp\/v2\/media?parent=2530"}],"wp:term":[{"taxonomy":"category","embeddable":true,"href":"https:\/\/conakrynews.org\/index.php\/wp-json\/wp\/v2\/categories?post=2530"},{"taxonomy":"post_tag","embeddable":true,"href":"https:\/\/conakrynews.org\/index.php\/wp-json\/wp\/v2\/tags?post=2530"}],"curies":[{"name":"wp","href":"https:\/\/api.w.org\/{rel}","templated":true}]}}