{"id":2558,"date":"2018-09-29T10:38:41","date_gmt":"2018-09-29T08:38:41","guid":{"rendered":"https:\/\/conakrynews.org\/?p=2558"},"modified":"2018-09-29T10:43:10","modified_gmt":"2018-09-29T08:43:10","slug":"cour-constitutionnelle-kelefa-sall-limoge-collegues-frondeurs","status":"publish","type":"post","link":"https:\/\/conakrynews.org\/index.php\/cour-constitutionnelle-kelefa-sall-limoge-collegues-frondeurs\/","title":{"rendered":"Cour Constitutionnelle : Me Kelefa Sall limog\u00e9  par   ses coll\u00e8gues  frondeurs"},"content":{"rendered":"<p><b>Malgr\u00e9 les\u00a0 diff\u00e9rentes\u00a0r\u00e9actions de la part de la Soci\u00e9t\u00e9 Civile , les forces sociales et des leaders politiques concernant \u00a0\u00a0la\u00a0\u00a0 crise \u00a0que traverse dans ces derniers temps \u00a0la cour constitutionnelle Guin\u00e9enne\u00a0 , sur les 9 conseillers (moins kelefa sall), les \u00a0huit (8) conseillers \u00a0ont vot\u00e9 ce vendredi au terme d&rsquo;une pl\u00e9ni\u00e8re pour\u00a0 \u00e9lire le vice-pr\u00e9sident ,Mohamed Lamine Bangoura\u00a0\u00a0 comme \u00a0le nouveau pr\u00e9sident\u00a0 \u00a0de \u00a0cette \u00a0cour \u00a0\u00a0\u00e0 la place de Me \u00a0Kelefa Sall, pr\u00e9sident destitu\u00e9 par des\u00a0 frondeurs .<\/b><\/p>\n<p><strong>Lisez le contenu du \u00a0communiqu\u00e9 des huit (8)\u00a0 conseillers de cette cour constitutionnelle.<\/strong><\/p>\n<p>Communiqu\u00e9 de la cour constitutionnelle en application de l&rsquo;article 10 de la loi organique L\/2011\/006\/CNT du 10 mars 2011,portant organisation et fonctionnement de la cour constitutionnelle, et le dispositif de l&rsquo;arr\u00eat R\/001du 12 septembre 2018,la cour porte \u00e0 la connaissance de l&rsquo;opinion publique nationale et internationale de l&rsquo;\u00e9lection de monsieur Mohamed lamine Bangoura en qualit\u00e9 de pr\u00e9sident de la cour ce vendredi 28 septembre 2018.<\/p>\n<p>La cour constitutionnelle, institution gardienne de la constitution entend assumer avec dignit\u00e9 et responsabilit\u00e9 les comp\u00e9tences et attributions \u00e0 elle conf\u00e9r\u00e9es par la cour constitutionnelle et les lois de la r\u00e9publique.<\/p>\n<p>Conakry 28 septembre 2018<\/p>\n<p>Communiquer, constitutionnelle, cour, \u00e9lections, lamine Mohamed pr\u00e9sident<\/p>\n<p>Akila soumah pour\u00a0<a href=\"https:\/\/conakrynews.org\/\">www.Conakrynews.org <img loading=\"lazy\" decoding=\"async\" class=\"alignnone size-medium wp-image-2559\" src=\"https:\/\/conakrynews.org\/wp-content\/uploads\/2018\/09\/cour-500x375.jpg\" alt=\"\" width=\"500\" height=\"375\" srcset=\"https:\/\/conakrynews.org\/wp-content\/uploads\/2018\/09\/cour-500x375.jpg 500w, https:\/\/conakrynews.org\/wp-content\/uploads\/2018\/09\/cour-768x576.jpg 768w, https:\/\/conakrynews.org\/wp-content\/uploads\/2018\/09\/cour.jpg 1080w\" sizes=\"auto, (max-width: 500px) 100vw, 500px\" \/>625406393<\/a><\/p>\n<p>&nbsp;<\/p>\n<p>&nbsp;<\/p>\n","protected":false},"excerpt":{"rendered":"<p>Malgr\u00e9 les\u00a0 diff\u00e9rentes\u00a0r\u00e9actions de la part de la Soci\u00e9t\u00e9 Civile , les forces sociales et des leaders politiques concernant \u00a0\u00a0la\u00a0\u00a0 crise \u00a0que traverse dans ces derniers temps \u00a0la cour constitutionnelle Guin\u00e9enne\u00a0 , sur les 9 conseillers (moins kelefa sall), les \u00a0huit (8) conseillers \u00a0ont vot\u00e9 ce vendredi au terme d&rsquo;une pl\u00e9ni\u00e8re pour\u00a0 \u00e9lire le vice-pr\u00e9sident [&hellip;]<\/p>\n","protected":false},"author":2,"featured_media":2559,"comment_status":"open","ping_status":"open","sticky":false,"template":"","format":"standard","meta":{"footnotes":""},"categories":[1],"tags":[],"class_list":{"0":"post-2558","1":"post","2":"type-post","3":"status-publish","4":"format-standard","5":"has-post-thumbnail","7":"category-non-classe"},"_links":{"self":[{"href":"https:\/\/conakrynews.org\/index.php\/wp-json\/wp\/v2\/posts\/2558","targetHints":{"allow":["GET"]}}],"collection":[{"href":"https:\/\/conakrynews.org\/index.php\/wp-json\/wp\/v2\/posts"}],"about":[{"href":"https:\/\/conakrynews.org\/index.php\/wp-json\/wp\/v2\/types\/post"}],"author":[{"embeddable":true,"href":"https:\/\/conakrynews.org\/index.php\/wp-json\/wp\/v2\/users\/2"}],"replies":[{"embeddable":true,"href":"https:\/\/conakrynews.org\/index.php\/wp-json\/wp\/v2\/comments?post=2558"}],"version-history":[{"count":0,"href":"https:\/\/conakrynews.org\/index.php\/wp-json\/wp\/v2\/posts\/2558\/revisions"}],"wp:featuredmedia":[{"embeddable":true,"href":"https:\/\/conakrynews.org\/index.php\/wp-json\/wp\/v2\/media\/2559"}],"wp:attachment":[{"href":"https:\/\/conakrynews.org\/index.php\/wp-json\/wp\/v2\/media?parent=2558"}],"wp:term":[{"taxonomy":"category","embeddable":true,"href":"https:\/\/conakrynews.org\/index.php\/wp-json\/wp\/v2\/categories?post=2558"},{"taxonomy":"post_tag","embeddable":true,"href":"https:\/\/conakrynews.org\/index.php\/wp-json\/wp\/v2\/tags?post=2558"}],"curies":[{"name":"wp","href":"https:\/\/api.w.org\/{rel}","templated":true}]}}