{"id":2586,"date":"2018-10-10T13:53:53","date_gmt":"2018-10-10T11:53:53","guid":{"rendered":"https:\/\/conakrynews.org\/?p=2586"},"modified":"2018-10-10T13:53:53","modified_gmt":"2018-10-10T11:53:53","slug":"conakry-vers-celebration-73-eme-anniversaire-nations-unies","status":"publish","type":"post","link":"https:\/\/conakrynews.org\/index.php\/conakry-vers-celebration-73-eme-anniversaire-nations-unies\/","title":{"rendered":"Conakry : Vers la c\u00e9l\u00e9bration du 73 \u00e8me anniversaire des Nations Unies"},"content":{"rendered":"<p><strong><em>En pr\u00e9lude de la c\u00e9l\u00e9bration du 73\u00e8me anniversaire du syst\u00e8me des Nations Unies le 24 octobre prochain, l\u2019\u00e9quipe pays des Nations Unies en Guin\u00e9e a organis\u00e9 un point presse ce mardi 9 octobre \u00e0 Conakry, pour annoncer le lancement \u00a0des activit\u00e9s pr\u00e9vues durant tout ce mois.<\/em><\/strong><\/p>\n<p>Dans son intervention, le repr\u00e9sentant\u00a0 de l\u2019OMS au niveau\u00a0 du Syst\u00e8me \u00a0des Nations Unis en Guin\u00e9e, Dr Georges Alfr\u00e8d Ki-zerbo \u00a0a d\u00e9clar\u00e9 que la journ\u00e9e des Nations Unies est c\u00e9l\u00e9br\u00e9e, chaque ann\u00e9e, le 24 octobre marquant le jour anniversaire de l\u2019entr\u00e9e en vigueur de la charte des Nations Unies en 1945\u00a0; qui \u00a0marque l\u2019acte de naissance de l\u2019institution.<\/p>\n<p>\u00ab\u00a0Apr\u00e8s la ratification du document fondateur par la majorit\u00e9 des signataires y compris par les cinq membres permanents du conseil de s\u00e9curit\u00e9.En 1971, par sa r\u00e9solution 2782 (XXVI), l\u2019Assembl\u00e9e G\u00e9n\u00e9rale des Nations Unies a estim\u00e9 que le jour anniversaire de la cr\u00e9ation de l\u2019ONU devait \u00eatre l\u2019occasion pour les gouvernements et les peuples pour r\u00e9affirmer leur foi dans le but et principes de la charte, \u00e0 travers l\u2019organisation des activit\u00e9s comm\u00e9moratives\u00a0\u00bb, a indiqu\u00e9\u00a0 Dr George\u00a0\u00bb<\/p>\n<p>&nbsp;<\/p>\n<p>Et d\u2019ajouter\u00a0:\u00a0\u00ab\u00a0 En Guin\u00e9e, l\u2019ann\u00e9e 2018 marque aussi le d\u00e9marrage effectif du nouveau plan des Nations Unies pour l\u2019aide au d\u00e9veloppement (2018-2022) avec l\u2019approche\u00a0 \u2018\u2019unis dans l\u2019action\u2019\u2019\u00a0comme modalit\u00e9 d\u2019ex\u00e9cution. Dans la dynamique de la r\u00e9alisation de 17 objectifs de d\u00e9veloppement durable \u00e0 l\u2019horizon 2030, en appui au plan National de \u00a0D\u00e9veloppement Economique et Social (PNDES), le syst\u00e8me des Nations Unies et le Gouvernement ont sign\u00e9 un plan de travail unique, consid\u00e9r\u00e9 comme la r\u00e9ponse collective et harmonis\u00e9e des Nations Unies au profit des priorit\u00e9s nationales de d\u00e9veloppement\u00a0\u00bb, \u00a0a expliqu\u00e9 le repr\u00e9sentants de l\u2019OMS au niveau des nation Unies.<\/p>\n<p>Avant\u00a0 pr\u00e9ciser \u00a0que l\u2019\u00e9quipe pays des Nation Unies en Guin\u00e9e a jug\u00e9 n\u00e9cessaire de saisir la c\u00e9l\u00e9bration du 73<sup>\u00e8me<\/sup>\u00a0anniversaire des Nations Unies, pour organiser une s\u00e9rie d\u2019activit\u00e9s \u00e0 Conakry et \u00e0 l\u2019int\u00e9rieur du pays. \u00abCes activit\u00e9s ont pour but de favoriser une plus grande ouverture de l\u2019organisation aupr\u00e8s de grand public, les \u00e9tudiants, les jeunes, et les \u00a0diff\u00e9rents\u00a0 acteurs du d\u00e9veloppement\u00a0\u00bb, a conclu \u00a0Docteur Ki-zerbo<\/p>\n<p><strong>Oumar Konate pour\u00a0<a href=\"https:\/\/conakrynews.org\/\">conakrynews.org<\/a>\u00a0 621077446<\/strong><img loading=\"lazy\" decoding=\"async\" class=\"alignnone size-medium wp-image-2587\" src=\"https:\/\/conakrynews.org\/wp-content\/uploads\/2018\/10\/foto-nat-515x290.jpg\" alt=\"\" width=\"515\" height=\"290\" srcset=\"https:\/\/conakrynews.org\/wp-content\/uploads\/2018\/10\/foto-nat-515x290.jpg 515w, https:\/\/conakrynews.org\/wp-content\/uploads\/2018\/10\/foto-nat-768x432.jpg 768w, https:\/\/conakrynews.org\/wp-content\/uploads\/2018\/10\/foto-nat.jpg 1080w\" sizes=\"auto, (max-width: 515px) 100vw, 515px\" \/><\/p>\n","protected":false},"excerpt":{"rendered":"<p>En pr\u00e9lude de la c\u00e9l\u00e9bration du 73\u00e8me anniversaire du syst\u00e8me des Nations Unies le 24 octobre prochain, l\u2019\u00e9quipe pays des Nations Unies en Guin\u00e9e a organis\u00e9 un point presse ce mardi 9 octobre \u00e0 Conakry, pour annoncer le lancement \u00a0des activit\u00e9s pr\u00e9vues durant tout ce mois. Dans son intervention, le repr\u00e9sentant\u00a0 de l\u2019OMS au niveau\u00a0 [&hellip;]<\/p>\n","protected":false},"author":2,"featured_media":2587,"comment_status":"open","ping_status":"open","sticky":false,"template":"","format":"standard","meta":{"footnotes":""},"categories":[1],"tags":[],"class_list":{"0":"post-2586","1":"post","2":"type-post","3":"status-publish","4":"format-standard","5":"has-post-thumbnail","7":"category-non-classe"},"_links":{"self":[{"href":"https:\/\/conakrynews.org\/index.php\/wp-json\/wp\/v2\/posts\/2586","targetHints":{"allow":["GET"]}}],"collection":[{"href":"https:\/\/conakrynews.org\/index.php\/wp-json\/wp\/v2\/posts"}],"about":[{"href":"https:\/\/conakrynews.org\/index.php\/wp-json\/wp\/v2\/types\/post"}],"author":[{"embeddable":true,"href":"https:\/\/conakrynews.org\/index.php\/wp-json\/wp\/v2\/users\/2"}],"replies":[{"embeddable":true,"href":"https:\/\/conakrynews.org\/index.php\/wp-json\/wp\/v2\/comments?post=2586"}],"version-history":[{"count":0,"href":"https:\/\/conakrynews.org\/index.php\/wp-json\/wp\/v2\/posts\/2586\/revisions"}],"wp:featuredmedia":[{"embeddable":true,"href":"https:\/\/conakrynews.org\/index.php\/wp-json\/wp\/v2\/media\/2587"}],"wp:attachment":[{"href":"https:\/\/conakrynews.org\/index.php\/wp-json\/wp\/v2\/media?parent=2586"}],"wp:term":[{"taxonomy":"category","embeddable":true,"href":"https:\/\/conakrynews.org\/index.php\/wp-json\/wp\/v2\/categories?post=2586"},{"taxonomy":"post_tag","embeddable":true,"href":"https:\/\/conakrynews.org\/index.php\/wp-json\/wp\/v2\/tags?post=2586"}],"curies":[{"name":"wp","href":"https:\/\/api.w.org\/{rel}","templated":true}]}}