{"id":2589,"date":"2018-10-13T10:56:10","date_gmt":"2018-10-13T08:56:10","guid":{"rendered":"https:\/\/conakrynews.org\/?p=2589"},"modified":"2018-10-13T10:59:52","modified_gmt":"2018-10-13T08:59:52","slug":"gouverner-cest-anticiper-dialogue-social","status":"publish","type":"post","link":"https:\/\/conakrynews.org\/index.php\/gouverner-cest-anticiper-dialogue-social\/","title":{"rendered":"Opinion :Gouverner C\u2019est  Aussi  Anticiper"},"content":{"rendered":"<p><strong>\u00a0 \u00a0 \u00a0 \u00a0 \u00a0 \u00a0 \u00a0 \u00a0 \u00a0 \u00a0 \u00a0 \u00a0 \u00a0 \u00a0 \u00a0 \u00a0 \u00a0 \u00a0 \u00a0 \u00a0 \u00a0 \u00a0 \u00a0 \u00a0 \u00a0 \u00a0 \u00a0 Le Dialogue Social <\/strong><\/p>\n<p>&nbsp;<\/p>\n<p>L&rsquo;<strong>Organisation Internationale du Travail (OIT)<\/strong> se consacre \u00e0 am\u00e9liorer l&rsquo;acc\u00e8s des hommes et des femmes \u00e0 un travail d\u00e9cent et productif, dans les conditions de libert\u00e9, d&rsquo;\u00e9quit\u00e9, de s\u00e9curit\u00e9 et de dignit\u00e9. Son principal objectif est la promotion des droits au travail, l&rsquo;encouragement \u00e0 la cr\u00e9ation d&#8217;emplois\u00a0 d\u00e9cents, le d\u00e9veloppement de la protection social et le <strong>renforcement du dialogue social dans le monde du travail<\/strong>.<\/p>\n<ul>\n<li><strong>R\u00f4le des partenaires sociaux dans le renforcement du Dialogue Social<\/strong><\/li>\n<li><strong>Les travailleurs et leurs organisations<\/strong><\/li>\n<\/ul>\n<p>Le <strong>dialogue social<\/strong> permet de prot\u00e9ger et de promouvoir les int\u00e9r\u00eats des travailleurs en introduisant les principes de la d\u00e9mocratie et de la dignit\u00e9 humaine sur le lieu de travail. Il permet aussi de \u00a0pr\u00e9server tout \u00e0 la fois le consensus et la stabilit\u00e9 au sein de la soci\u00e9t\u00e9 en g\u00e9n\u00e9ral et des entreprises en particulier. Le <strong>dialogue social<\/strong> et la <strong>n\u00e9gociation collective<\/strong> favorisent l&rsquo;am\u00e9lioration des conditions de travail et les salaires.<\/p>\n<p>Les <strong>organisations professionnelles des travailleurs<\/strong> constituent des interlocuteurs privil\u00e9gi\u00e9s qui permettent aux travailleurs de participer activement au dialogue social. Ainsi, elles contribuent \u00e0 l&rsquo;am\u00e9lioration des conditions de vie et travail des salari\u00e9s.<\/p>\n<ul>\n<li><strong>Les employeurs<\/strong><\/li>\n<\/ul>\n<p>Les <strong>organisations d&#8217;employeurs<\/strong> contribuent activement, dans le cadre du <strong>dialogue social,<\/strong> \u00e0 cr\u00e9er les conditions pour l&rsquo;am\u00e9lioration du niveau de vie et de travail des salari\u00e9s et pour le renforcement des bons rendements obtenus par les entreprises \u00e0 la faveur de la paix sociale.<\/p>\n<p>Le <strong>dialogue social<\/strong> accept\u00e9 par les employeurs permet de pr\u00e9venir et g\u00e9rer les conflits. Il favorise la paix sociale en entreprise.<\/p>\n<p>La participation effective des employeurs et de leurs organisations au <strong>dialogue social<\/strong> rev\u00eat donc un caract\u00e8re tr\u00e8s important.<\/p>\n<ul>\n<li><strong>Le Gouvernement<\/strong><\/li>\n<\/ul>\n<p>Il incombe \u00e0 l&rsquo;Etat de cr\u00e9er un climat politique et social stable qui permet aux organisations professionnelles d&#8217;employeurs et de travailleurs d&rsquo;exercer librement leurs activit\u00e9s. Dans cette optique il est\u00a0 par la constitution Guin\u00e9enne, un devoir du Premier Ministre Chef du Gouvernement d\u2019assurer la Promotion du Dialogue Social.<\/p>\n<p>En outre il se doit de mettre \u00e0 la disposition des partenaires\u00a0 sociaux, un cadre juridique et institutionnel de <strong>dialogue social.. il doit etre un instrument pour trouver des voies et moyens concrets pour un maintien de la coh\u00e9sion sociale et d\u2019am\u00e9liorer la gestion des relations de travail car il contribue \u00e0 cr\u00e9er des services publics de qualit\u00e9 au b\u00e9n\u00e9fice des acteurs sociaux.<\/strong><\/p>\n<p><strong>\u00a0Qui dit dialogue social dit partage des informations pertinentes, n\u00e9gociations et paix sociale mais il ne peut exister de paix sociale sans justice sociale.<\/strong><\/p>\n<ul>\n<li><strong>La Gr\u00e8ve en tant que conflit Social<\/strong><\/li>\n<\/ul>\n<p><strong>Le code du travail en guin\u00e9e d\u00e9finit la gr\u00e8ve comme suit \u00ab\u00a0la gr\u00e8ve est arr\u00eat partiel ou complet et collectif du travail d\u00e9cid\u00e9 par les salari\u00e9s pour faire aboutir des revendications d\u2019ordre professionnels, \u00e9conomique n\u2019ont pas \u00e9t\u00e9 satisfaites\u00a0\u00bb\u00a0<\/strong><\/p>\n<ul>\n<li><strong>Proc\u00e9dure<\/strong><\/li>\n<\/ul>\n<p><strong>Elle est pr\u00e9vue par les Articles 431.3\u00a0: 431.4 ,431.5\u00a0; 431.6 du code du travail\u00a0:<\/strong><\/p>\n<p><strong>Apr\u00e8s un pr\u00e9avis de gr\u00e8ve courant dix jours ouvrables, l\u2019Employeur est tenu d\u2019ouvrir des n\u00e9gociations sous un arbitrage neutre et responsable.<\/strong><\/p>\n<p><strong>Article\u00a0 431.8\u00a0: La gr\u00e8ve ne suspend pas le contrat de Travail ni le mandat d\u2019un d\u00e9l\u00e9gu\u00e9.<\/strong><\/p>\n<p><strong>Dans la mise en \u0153uvre des conventions 87 et 98 et de recommandations qui les accompagnent, le Comit\u00e9 de la\u00a0 Libert\u00e9 Syndicale et la Commission d\u2019application des Normes et Recommandations de l\u2019Organisation Internationale du Travail OIT, a \u00e9dit\u00e9 des recueils pour guid\u00e9 les Etats Parties.<\/strong><\/p>\n<p><strong>Dans celui des D\u00e9cisions\u00a0 et Principes du CLS\u00a0 du Conseil d\u2019Administration du Bureau International du Travail BIT, \u00a02<sup>\u00e8me<\/sup> \u00e9dition r\u00e9vis\u00e9e\u00a0:<\/strong><\/p>\n<ul>\n<li><strong>Paragraphe 658\u00a0: Imposer des Sanctions \u00e0 des syndicats pour avoir men\u00e9 une gr\u00e8ve<\/strong><strong> l\u00e9gitime, constitue une grave violation des principes de la libert\u00e9 syndicale.<\/strong><\/li>\n<li><strong>P 660\u00a0: Nul ne doit faire l\u2019objet de sanctions pour avoir d\u00e9clench\u00e9 ou tent\u00e9 de d\u00e9clencher une gr\u00e8ve l\u00e9gitime.<\/strong><\/li>\n<li><strong>P 661\u00a0: Le Licenciement de travailleurs pour fait de gr\u00e8ve constitue une grave discrimination en mati\u00e8re d\u2019emploi, pour exercice d\u2019activit\u00e9 syndicale licite \u00e0 la convention 98.<\/strong><\/li>\n<li><strong>P 662\u00a0:Quand les syndicalistes ou les Dirigeants syndicaux sont licenci\u00e9s pour avoir exerc\u00e9 leur droit de gr\u00e8ve, le Comit\u00e9 de la Libert\u00e9 Syndicale ne peut s\u2019emp\u00eacher de conclure qu\u2019ils sont sanctionn\u00e9s pour leur activit\u00e9 syndicale et font l\u2019objet d\u2019une discrimination.<\/strong><\/li>\n<li><strong>P 663\u00a0:Le respect des Principes de la Libert\u00e9 Syndicale exige que l\u2019on ne puisse ni licencier des travailleurs, ni refuser de les r\u00e9engager, en raison de leur participation \u00e0 une gr\u00e8ve ou \u00e0 toute autre action de revendication. Que le cong\u00e9diement soit prononc\u00e9 pendant ou apr\u00e8s la gr\u00e8ve n\u2019est pas pertinent dans ce contexte. Logiquement, le fait que le licenciement pr\u00e9c\u00e8de une gr\u00e8ve ne devrait pas non plus entrer en ligne de compte si celui-ci a pour objet d\u2019entraver ou de p\u00e9naliser l\u2019exercice du droit de gr\u00e8ve.<\/strong><\/li>\n<li><strong>P 666\u00a0: Le recours \u00e0 des mesures extr\u00eamement graves comme le licenciement de travailleurs du fait de leur participation \u00e0 une gr\u00e8ve et le refus de r\u00e9embaucher impliquent de graves risques d\u2019abus et constituent une violation de la libert\u00e9 syndicale.<\/strong><\/li>\n<\/ul>\n<p><strong>\u00a0<\/strong><\/p>\n<p><strong>\u00a0<\/strong><\/p>\n<p><strong>\u00a0<\/strong><\/p>\n<p><strong>DIALLO Mamadou Saliou<\/strong><\/p>\n<p><strong>Syndicaliste,<\/strong><\/p>\n<p><strong>\u00a0Conseiller en Relation de Travail<\/strong><\/p>\n<p><strong>\u00a0<\/strong><\/p>\n<p><strong>\u00a0<\/strong><\/p>\n<p><strong>\u00a0<\/strong><img loading=\"lazy\" decoding=\"async\" class=\"alignnone size-medium wp-image-2590\" src=\"https:\/\/conakrynews.org\/wp-content\/uploads\/2018\/10\/elhadj-mamadou-saliou-diallo-411x375.jpg\" alt=\"\" width=\"411\" height=\"375\" srcset=\"https:\/\/conakrynews.org\/wp-content\/uploads\/2018\/10\/elhadj-mamadou-saliou-diallo-411x375.jpg 411w, https:\/\/conakrynews.org\/wp-content\/uploads\/2018\/10\/elhadj-mamadou-saliou-diallo.jpg 480w\" sizes=\"auto, (max-width: 411px) 100vw, 411px\" \/><\/p>\n","protected":false},"excerpt":{"rendered":"<p>\u00a0 \u00a0 \u00a0 \u00a0 \u00a0 \u00a0 \u00a0 \u00a0 \u00a0 \u00a0 \u00a0 \u00a0 \u00a0 \u00a0 \u00a0 \u00a0 \u00a0 \u00a0 \u00a0 \u00a0 \u00a0 \u00a0 \u00a0 \u00a0 \u00a0 \u00a0 \u00a0 Le Dialogue Social &nbsp; L&rsquo;Organisation Internationale du Travail (OIT) se consacre \u00e0 am\u00e9liorer l&rsquo;acc\u00e8s des hommes et des femmes \u00e0 un travail d\u00e9cent et productif, dans les conditions [&hellip;]<\/p>\n","protected":false},"author":2,"featured_media":2590,"comment_status":"open","ping_status":"open","sticky":false,"template":"","format":"standard","meta":{"footnotes":""},"categories":[1],"tags":[],"class_list":{"0":"post-2589","1":"post","2":"type-post","3":"status-publish","4":"format-standard","5":"has-post-thumbnail","7":"category-non-classe"},"_links":{"self":[{"href":"https:\/\/conakrynews.org\/index.php\/wp-json\/wp\/v2\/posts\/2589","targetHints":{"allow":["GET"]}}],"collection":[{"href":"https:\/\/conakrynews.org\/index.php\/wp-json\/wp\/v2\/posts"}],"about":[{"href":"https:\/\/conakrynews.org\/index.php\/wp-json\/wp\/v2\/types\/post"}],"author":[{"embeddable":true,"href":"https:\/\/conakrynews.org\/index.php\/wp-json\/wp\/v2\/users\/2"}],"replies":[{"embeddable":true,"href":"https:\/\/conakrynews.org\/index.php\/wp-json\/wp\/v2\/comments?post=2589"}],"version-history":[{"count":0,"href":"https:\/\/conakrynews.org\/index.php\/wp-json\/wp\/v2\/posts\/2589\/revisions"}],"wp:featuredmedia":[{"embeddable":true,"href":"https:\/\/conakrynews.org\/index.php\/wp-json\/wp\/v2\/media\/2590"}],"wp:attachment":[{"href":"https:\/\/conakrynews.org\/index.php\/wp-json\/wp\/v2\/media?parent=2589"}],"wp:term":[{"taxonomy":"category","embeddable":true,"href":"https:\/\/conakrynews.org\/index.php\/wp-json\/wp\/v2\/categories?post=2589"},{"taxonomy":"post_tag","embeddable":true,"href":"https:\/\/conakrynews.org\/index.php\/wp-json\/wp\/v2\/tags?post=2589"}],"curies":[{"name":"wp","href":"https:\/\/api.w.org\/{rel}","templated":true}]}}