{"id":25973,"date":"2024-01-25T09:51:23","date_gmt":"2024-01-25T09:51:23","guid":{"rendered":"https:\/\/conakrynews.org\/?p=25973"},"modified":"2024-01-25T09:52:28","modified_gmt":"2024-01-25T09:52:28","slug":"guinee-inauguration-de-la-premiere-maison-de-formation-et-de-lemploi","status":"publish","type":"post","link":"https:\/\/conakrynews.org\/index.php\/guinee-inauguration-de-la-premiere-maison-de-formation-et-de-lemploi\/","title":{"rendered":"Guin\u00e9e : inauguration de la premi\u00e8re Maison de Formation et de l\u2019emploi"},"content":{"rendered":"<p>Le Premier ministre, Dr Bernard GOUMOU a pr\u00e9sid\u00e9 la c\u00e9r\u00e9monie d\u2019inauguration de la Maison de la formation de l\u2019emploi et de l\u2019entrepreneuriat (MFEE)<\/p>\n<p>Cette maison est le fruit d\u2019une synergie d\u2019action entre l\u2019Agence Guin\u00e9enne pour la Promotion de l\u2019Emploi (AGUIPE) et l\u2019Office National de Formation et de Perfectionnement Professionnels (ONFPP). Aussi, un catalyseur pour toute personne en \u00e2ge de travailler offrant ainsi un acc\u00e8s facile \u00e0 un large \u00e9ventail d\u2019opportunit\u00e9s en mati\u00e8re d\u2019emploi, de formation et d\u2019accompagnement entrepreneurial.<\/p>\n<p><img loading=\"lazy\" decoding=\"async\" src=\"https:\/\/conakrynews.org\/wp-content\/uploads\/2024\/01\/FB_IMG_1706125061907-327x375.jpg\" alt=\"\" width=\"327\" height=\"375\" class=\"alignnone size-medium wp-image-25976\" srcset=\"https:\/\/conakrynews.org\/wp-content\/uploads\/2024\/01\/FB_IMG_1706125061907-327x375.jpg 327w, https:\/\/conakrynews.org\/wp-content\/uploads\/2024\/01\/FB_IMG_1706125061907.jpg 720w\" sizes=\"auto, (max-width: 327px) 100vw, 327px\" \/><\/p>\n<p>\u00ab Imaginez un lieu o\u00f9 les aspirations professionnelles se concr\u00e9tisent, o\u00f9 les opportunit\u00e9s sont \u00e0 la port\u00e9e de main. C\u2019est la vision que nous avons concr\u00e9tis\u00e9e avec les MFEE \u00bb, a introduit le Ministre de l\u2019Enseignement Technique et de la Formation Professionnelle, Alpha Bacar Barry. Il r\u00e9affirme ainsi que les MFEE seront le principal vecteur d\u2019acc\u00e8s au monde du travail et \u00e0 un emploi d\u00e9cent pour toutes les personnes en \u00e2ge de travailler.<\/p>\n<p>Le Premier Ministre a salu\u00e9 la synergie d\u2019action cr\u00e9\u00e9e entre l\u2019AGUIPE et l\u2019ONFPP par le ministre de l\u2019Enseignement Technique. Selon lui, cette synergie montre \u00e0 suffisance que les structures publiques peuvent collaborer et agir efficacement dans l\u2019int\u00e9r\u00eat des Guin\u00e9ens tel que pr\u00f4n\u00e9 par le Chef de l\u2019Etat.<\/p>\n<p>Il a remerci\u00e9 les partenaires techniques, les partenaires au d\u00e9veloppement, ainsi que le secteur priv\u00e9 qui ont contribu\u00e9 \u00e0 la concr\u00e9tisation et \u00e0 la mise en place des MFEE. Il a d\u00e9clar\u00e9 : \u00ab Ensemble, nous faisons un pas de plus vers un avenir o\u00f9 l\u2019innovation, la croissance \u00e9conomique et l\u2019\u00e9panouissement personnel seront accessibles \u00e0 tous les Guin\u00e9ens \u00bb.<\/p>\n<p>Dr Bernard Goumou a aussi r\u00e9v\u00e9l\u00e9 qu\u2019en 2024, le gouvernement place l\u2019emploi au c\u0153ur de ses priorit\u00e9s. Selon lui, pour stimuler une \u00e9conomie, l\u2019un des piliers essentiels est la relance de l\u2019emploi. C\u2019est pourquoi, il a d\u00e9clar\u00e9 : \u00ab En 2024, en plus des 20 000 postes pr\u00e9vus au niveau de la fonction publique, nous avons demand\u00e9 au ministre de cr\u00e9er 20 000 emplois pour le secteur priv\u00e9 \u00bb.<\/p>\n<p>Enfin, le Chef du Gouvernement, a mentionn\u00e9 que ce projet marque un jalon important dans le plan de la promotion au d\u00e9veloppement \u00e9conomique et de la prosp\u00e9rit\u00e9 : \u00ab Si le quota au niveau de l\u2019administration publique est de 30%, du c\u00f4t\u00e9 de nos mamans et de nos s\u0153urs, nous demanderons que ce quota au service de la MFEE puisse aller entre 30% \u00e0 50% \u00bb sugg\u00e8re-t-il.<\/p>\n<p>Le dispositif MFEE ambitionne de devenir la principale porte d\u2019entr\u00e9e vers le monde professionnel et l\u2019emploi.<\/p>\n<p>Avec CCG<\/p>\n","protected":false},"excerpt":{"rendered":"<p>Le Premier ministre, Dr Bernard GOUMOU a pr\u00e9sid\u00e9 la c\u00e9r\u00e9monie d\u2019inauguration de la Maison de la formation de l\u2019emploi et de l\u2019entrepreneuriat (MFEE) Cette maison est le fruit d\u2019une synergie d\u2019action entre l\u2019Agence Guin\u00e9enne pour la Promotion de l\u2019Emploi (AGUIPE) et l\u2019Office National de Formation et de Perfectionnement Professionnels (ONFPP). Aussi, un catalyseur pour toute [&hellip;]<\/p>\n","protected":false},"author":2,"featured_media":25974,"comment_status":"closed","ping_status":"closed","sticky":false,"template":"","format":"standard","meta":{"footnotes":""},"categories":[58],"tags":[],"class_list":{"0":"post-25973","1":"post","2":"type-post","3":"status-publish","4":"format-standard","5":"has-post-thumbnail","7":"category-societe"},"_links":{"self":[{"href":"https:\/\/conakrynews.org\/index.php\/wp-json\/wp\/v2\/posts\/25973","targetHints":{"allow":["GET"]}}],"collection":[{"href":"https:\/\/conakrynews.org\/index.php\/wp-json\/wp\/v2\/posts"}],"about":[{"href":"https:\/\/conakrynews.org\/index.php\/wp-json\/wp\/v2\/types\/post"}],"author":[{"embeddable":true,"href":"https:\/\/conakrynews.org\/index.php\/wp-json\/wp\/v2\/users\/2"}],"replies":[{"embeddable":true,"href":"https:\/\/conakrynews.org\/index.php\/wp-json\/wp\/v2\/comments?post=25973"}],"version-history":[{"count":0,"href":"https:\/\/conakrynews.org\/index.php\/wp-json\/wp\/v2\/posts\/25973\/revisions"}],"wp:featuredmedia":[{"embeddable":true,"href":"https:\/\/conakrynews.org\/index.php\/wp-json\/wp\/v2\/media\/25974"}],"wp:attachment":[{"href":"https:\/\/conakrynews.org\/index.php\/wp-json\/wp\/v2\/media?parent=25973"}],"wp:term":[{"taxonomy":"category","embeddable":true,"href":"https:\/\/conakrynews.org\/index.php\/wp-json\/wp\/v2\/categories?post=25973"},{"taxonomy":"post_tag","embeddable":true,"href":"https:\/\/conakrynews.org\/index.php\/wp-json\/wp\/v2\/tags?post=25973"}],"curies":[{"name":"wp","href":"https:\/\/api.w.org\/{rel}","templated":true}]}}