{"id":25988,"date":"2024-01-26T11:04:50","date_gmt":"2024-01-26T11:04:50","guid":{"rendered":"https:\/\/conakrynews.org\/?p=25988"},"modified":"2024-01-26T11:04:50","modified_gmt":"2024-01-26T11:04:50","slug":"un-jeune-leader-politique-felicite-le-president-mamadi-doumbouya-pour-sa-promotion-au-grade-de-general-de-corps-darmee","status":"publish","type":"post","link":"https:\/\/conakrynews.org\/index.php\/un-jeune-leader-politique-felicite-le-president-mamadi-doumbouya-pour-sa-promotion-au-grade-de-general-de-corps-darmee\/","title":{"rendered":"Un jeune leader politique f\u00e9licite le pr\u00e9sident Mamadi Doumbouya pour sa promotion au grade de g\u00e9n\u00e9ral de corps d\u2019arm\u00e9e"},"content":{"rendered":"<p>Je me permets de vous adresser ces quelques mots pour vous f\u00e9liciter de votre distinction, d\u00e9coration au titre de G\u00e9n\u00e9ral de Corps d\u2019arm\u00e9e.<\/p>\n<p>C\u2019est avec beaucoup d\u2019\u00e9motion que nous avons appris que votre courage, votre d\u00e9termination et votre h\u00e9ro\u00efsme vous ont port\u00e9 au grade de G\u00e9n\u00e9ral des corps d\u2019arm\u00e9e.<\/p>\n<p>Vous le m\u00e9ritez. Sachez-le, nous sommes une g\u00e9n\u00e9ration heureuse, une g\u00e9n\u00e9ration r\u00e9unie, une g\u00e9n\u00e9ration qui vous doit beaucoup de son salut.<\/p>\n<p>Un militaire voue sa vie \u00e0 la d\u00e9fense de son pays et de ses compatriotes, vous avez rempli d\u2019ores et d\u00e9j\u00e0 votre mission.<\/p>\n<p>Recevoir une distinction, une d\u00e9coration militaire c\u2019est \u00eatre remerci\u00e9 par la R\u00e9publique dans son ensemble et ces quelques mots sont nos maigres, mais sinc\u00e8res remerciements \u00e0 vous mon G\u00e9n\u00e9ral Mamady Doumbouya.<\/p>\n<p>Merci et bravo, vous m\u00e9ritez ces honneurs. Mes plus sinc\u00e8res f\u00e9licitations pour votre L\u00e9gion d\u2019honneur ! C\u2019est un grand accomplissement et vous pouvez en \u00eatre tr\u00e8s fier.<\/p>\n<p>Cette distinction m\u00e9rit\u00e9e est le reflet de votre contribution \u00e0 la Nation. C\u2019est une belle reconnaissance de vos r\u00e9alisations et des combats men\u00e9s depuis de nombreuses ann\u00e9es d\u00e9j\u00e0.<\/p>\n<p>Et, il est important de le rappeler que d\u00e9puis le 5 septembre 2021 , date de votre arriv\u00e9e \u00e0 la t\u00eate de cette Nation Guin\u00e9enne , nous avons un pays qui vit une nouvelle \u00e8re. Des chantiers sont ouverts partout, l\u2019\u00e9conomie moralis\u00e9e bref rien n\u2019est comme avant. La Guin\u00e9e avance, la Guin\u00e9e progresse, la Guin\u00e9e se d\u00e9veloppe, la Guin\u00e9e est respect\u00e9e \u00e0 l\u2019ext\u00e9rieur et pr\u00e9sente dans les institutions internationales. Merci mon G\u00e9n\u00e9ral, merci pour votre d\u00e9vouement et d\u2019avoir \u0153uvr\u00e9 pour la refondation de notre Guin\u00e9e.<\/p>\n<p>Ibrahima Tenemba Kourouma, Pr\u00e9sident du parti Guin\u00e9e Unie pour l\u2019Int\u00e9grit\u00e9 et D\u00e9veloppement (GUIDE).<\/p>\n","protected":false},"excerpt":{"rendered":"<p>Je me permets de vous adresser ces quelques mots pour vous f\u00e9liciter de votre distinction, d\u00e9coration au titre de G\u00e9n\u00e9ral de Corps d\u2019arm\u00e9e. C\u2019est avec beaucoup d\u2019\u00e9motion que nous avons appris que votre courage, votre d\u00e9termination et votre h\u00e9ro\u00efsme vous ont port\u00e9 au grade de G\u00e9n\u00e9ral des corps d\u2019arm\u00e9e. Vous le m\u00e9ritez. Sachez-le, nous sommes [&hellip;]<\/p>\n","protected":false},"author":2,"featured_media":25989,"comment_status":"closed","ping_status":"closed","sticky":false,"template":"","format":"standard","meta":{"footnotes":""},"categories":[57],"tags":[],"class_list":{"0":"post-25988","1":"post","2":"type-post","3":"status-publish","4":"format-standard","5":"has-post-thumbnail","7":"category-politique"},"_links":{"self":[{"href":"https:\/\/conakrynews.org\/index.php\/wp-json\/wp\/v2\/posts\/25988","targetHints":{"allow":["GET"]}}],"collection":[{"href":"https:\/\/conakrynews.org\/index.php\/wp-json\/wp\/v2\/posts"}],"about":[{"href":"https:\/\/conakrynews.org\/index.php\/wp-json\/wp\/v2\/types\/post"}],"author":[{"embeddable":true,"href":"https:\/\/conakrynews.org\/index.php\/wp-json\/wp\/v2\/users\/2"}],"replies":[{"embeddable":true,"href":"https:\/\/conakrynews.org\/index.php\/wp-json\/wp\/v2\/comments?post=25988"}],"version-history":[{"count":0,"href":"https:\/\/conakrynews.org\/index.php\/wp-json\/wp\/v2\/posts\/25988\/revisions"}],"wp:featuredmedia":[{"embeddable":true,"href":"https:\/\/conakrynews.org\/index.php\/wp-json\/wp\/v2\/media\/25989"}],"wp:attachment":[{"href":"https:\/\/conakrynews.org\/index.php\/wp-json\/wp\/v2\/media?parent=25988"}],"wp:term":[{"taxonomy":"category","embeddable":true,"href":"https:\/\/conakrynews.org\/index.php\/wp-json\/wp\/v2\/categories?post=25988"},{"taxonomy":"post_tag","embeddable":true,"href":"https:\/\/conakrynews.org\/index.php\/wp-json\/wp\/v2\/tags?post=25988"}],"curies":[{"name":"wp","href":"https:\/\/api.w.org\/{rel}","templated":true}]}}