{"id":25993,"date":"2024-01-26T12:35:16","date_gmt":"2024-01-26T12:35:16","guid":{"rendered":"https:\/\/conakrynews.org\/?p=25993"},"modified":"2024-01-26T12:35:16","modified_gmt":"2024-01-26T12:35:16","slug":"relations-bilaterales-une-nouvelle-initiative-europeenne-pour-la-corne-de-lafrique","status":"publish","type":"post","link":"https:\/\/conakrynews.org\/index.php\/relations-bilaterales-une-nouvelle-initiative-europeenne-pour-la-corne-de-lafrique\/","title":{"rendered":"Relations bilat\u00e9rales: Une nouvelle Initiative europ\u00e9enne pour la Corne de l\u2019Afrique"},"content":{"rendered":"<p>Cette r\u00e9gion rev\u00eat une importance strat\u00e9gique pour l\u2019UE et constitue une route commerciale cruciale pour l\u2019Europe, explique la Commission europ\u00e9enne.<\/p>\n<p>Les pays de la Corne de l\u2019Afrique et la Commission europ\u00e9enne ont sign\u00e9 une nouvelle Alliance pour soutenir le commerce, l\u2019int\u00e9gration \u00e9conomique et la r\u00e9silience dans la r\u00e9gion et faciliter les investissements de Global Gateway. Ce partenariat vise \u00e0 stimuler l\u2019emploi et la croissance dans cette r\u00e9gion, \u00e0 favoriser sa stabilit\u00e9 et \u00e0 lutter contre le changement climatique, gr\u00e2ce \u00e0 une aide de 83 millions d\u2019euros de l\u2019UE, a indiqu\u00e9 la Commission.<\/p>\n<p>La signature a eu lieu \u00e0 Bruxelles, lors de la 19e r\u00e9union minist\u00e9rielle de l\u2019Initiative pour la Corne de l\u2019Afrique (HoAI). La c\u00e9r\u00e9monie a \u00e9t\u00e9 copr\u00e9sid\u00e9e par le vice-pr\u00e9sident de la Commission europ\u00e9enne, Margaritis Schinas, et le ministre \u00e9thiopien des Finances, Ahmed Shide. L\u2019Alliance soutiendra des activit\u00e9s au niveau national, mais avec une approche transfrontali\u00e8re et transnationale, en travaillant chaque fois que possible au niveau local, afin de faciliter l\u2019int\u00e9gration \u00e9conomique et sociale r\u00e9gionale et l\u2019int\u00e9gration politique, a-t-on ajout\u00e9. \u00ab En renfor\u00e7ant la capacit\u00e9 des pays \u00e0 r\u00e9sister aux chocs climatiques et en favorisant les \u00e9changes commerciaux, l\u2019Alliance contribuera \u00e9galement \u00e0 s\u2019attaquer aux causes profondes des migrations irr\u00e9guli\u00e8res et des d\u00e9placements de populations \u00bb, a soulign\u00e9 Margaritis Schinas.<\/p>\n<p>La Corne de l\u2019Afrique est une r\u00e9gion riche en opportunit\u00e9s, mais touch\u00e9e par les conflits, les d\u00e9placements \u00e0 grande \u00e9chelle, la hausse de l\u2019inflation, la s\u00e9cheresse, les inondations et d\u2019autres impacts de la d\u00e9gradation de l\u2019environnement et du changement climatique. La HoAI a \u00e9t\u00e9 cr\u00e9\u00e9e en 2019 par les minist\u00e8res des Finances de cinq pays de la Corne de l\u2019Afrique. Elle comprend d\u00e9sormais Djibouti, le Kenya, l\u2019\u00c9thiopie, l\u2019Erythr\u00e9e, la Somalie, le Soudan du Sud et le Soudan. Elle vise \u00e0 relever les d\u00e9fis r\u00e9gionaux en approfondissant l\u2019int\u00e9gration \u00e9conomique et politique. La HoAI est soutenue par quatre partenaires, \u00e0 savoir la Banque mondiale, l\u2019UE, la Banque africaine de d\u00e9veloppement et l\u2019Allemagne.<\/p>\n<p>Avec dpa-news<\/p>\n","protected":false},"excerpt":{"rendered":"<p>Cette r\u00e9gion rev\u00eat une importance strat\u00e9gique pour l\u2019UE et constitue une route commerciale cruciale pour l\u2019Europe, explique la Commission europ\u00e9enne. Les pays de la Corne de l\u2019Afrique et la Commission europ\u00e9enne ont sign\u00e9 une nouvelle Alliance pour soutenir le commerce, l\u2019int\u00e9gration \u00e9conomique et la r\u00e9silience dans la r\u00e9gion et faciliter les investissements de Global Gateway. [&hellip;]<\/p>\n","protected":false},"author":2,"featured_media":25994,"comment_status":"closed","ping_status":"closed","sticky":false,"template":"","format":"standard","meta":{"footnotes":""},"categories":[60],"tags":[],"class_list":{"0":"post-25993","1":"post","2":"type-post","3":"status-publish","4":"format-standard","5":"has-post-thumbnail","7":"category-environnement"},"_links":{"self":[{"href":"https:\/\/conakrynews.org\/index.php\/wp-json\/wp\/v2\/posts\/25993","targetHints":{"allow":["GET"]}}],"collection":[{"href":"https:\/\/conakrynews.org\/index.php\/wp-json\/wp\/v2\/posts"}],"about":[{"href":"https:\/\/conakrynews.org\/index.php\/wp-json\/wp\/v2\/types\/post"}],"author":[{"embeddable":true,"href":"https:\/\/conakrynews.org\/index.php\/wp-json\/wp\/v2\/users\/2"}],"replies":[{"embeddable":true,"href":"https:\/\/conakrynews.org\/index.php\/wp-json\/wp\/v2\/comments?post=25993"}],"version-history":[{"count":0,"href":"https:\/\/conakrynews.org\/index.php\/wp-json\/wp\/v2\/posts\/25993\/revisions"}],"wp:featuredmedia":[{"embeddable":true,"href":"https:\/\/conakrynews.org\/index.php\/wp-json\/wp\/v2\/media\/25994"}],"wp:attachment":[{"href":"https:\/\/conakrynews.org\/index.php\/wp-json\/wp\/v2\/media?parent=25993"}],"wp:term":[{"taxonomy":"category","embeddable":true,"href":"https:\/\/conakrynews.org\/index.php\/wp-json\/wp\/v2\/categories?post=25993"},{"taxonomy":"post_tag","embeddable":true,"href":"https:\/\/conakrynews.org\/index.php\/wp-json\/wp\/v2\/tags?post=25993"}],"curies":[{"name":"wp","href":"https:\/\/api.w.org\/{rel}","templated":true}]}}